{"id":955,"date":"2023-07-20T15:10:41","date_gmt":"2023-07-20T14:10:41","guid":{"rendered":"https:\/\/www.falken-muenchen.de\/?p=955"},"modified":"2023-08-23T16:27:29","modified_gmt":"2023-08-23T15:27:29","slug":"spendenaufruf","status":"publish","type":"post","link":"https:\/\/www.falken-muenchen.de\/index.php\/2023\/07\/20\/spendenaufruf\/","title":{"rendered":"Spendenaufruf"},"content":{"rendered":"\n<figure class=\"wp-block-image size-large\"><a href=\"https:\/\/www.falken-muenchen.de\/wp-content\/uploads\/2023\/07\/IMG-20230720-WA0004.jpg\"><img loading=\"lazy\" decoding=\"async\" width=\"1024\" height=\"1012\" src=\"https:\/\/www.falken-muenchen.de\/wp-content\/uploads\/2023\/07\/IMG-20230720-WA0004-1024x1012.jpg\" alt=\"\" class=\"wp-image-956\" srcset=\"https:\/\/www.falken-muenchen.de\/wp-content\/uploads\/2023\/07\/IMG-20230720-WA0004-1024x1012.jpg 1024w, https:\/\/www.falken-muenchen.de\/wp-content\/uploads\/2023\/07\/IMG-20230720-WA0004-100x100.jpg 100w, https:\/\/www.falken-muenchen.de\/wp-content\/uploads\/2023\/07\/IMG-20230720-WA0004-600x593.jpg 600w, https:\/\/www.falken-muenchen.de\/wp-content\/uploads\/2023\/07\/IMG-20230720-WA0004-300x296.jpg 300w, https:\/\/www.falken-muenchen.de\/wp-content\/uploads\/2023\/07\/IMG-20230720-WA0004-768x759.jpg 768w, https:\/\/www.falken-muenchen.de\/wp-content\/uploads\/2023\/07\/IMG-20230720-WA0004-1536x1518.jpg 1536w, https:\/\/www.falken-muenchen.de\/wp-content\/uploads\/2023\/07\/IMG-20230720-WA0004-60x60.jpg 60w, https:\/\/www.falken-muenchen.de\/wp-content\/uploads\/2023\/07\/IMG-20230720-WA0004-800x790.jpg 800w, https:\/\/www.falken-muenchen.de\/wp-content\/uploads\/2023\/07\/IMG-20230720-WA0004-1200x1186.jpg 1200w, https:\/\/www.falken-muenchen.de\/wp-content\/uploads\/2023\/07\/IMG-20230720-WA0004.jpg 1599w\" sizes=\"auto, (max-width: 1024px) 100vw, 1024px\" \/><\/a><\/figure>\n\n\n\n<p class=\"wp-block-paragraph\">Selbstverst\u00e4ndlich fahren wir Falken auch dieses Jahr wieder auf unser Sommerzeltlager und gr\u00fcnden f\u00fcr zwei Wochen eine sozialistische Kinder- und Jugendrepublik. Dieses Jahr geht es mit allen bayerischen Falken gemeinsam nach Schwangau. Und schon ganz bald geht es los!<\/p>\n\n\n\n<p class=\"wp-block-paragraph\">Bei uns Falken d\u00fcrfen alle Kinder und Jugendlichen mitfahren \u2013 egal wie dick der Geldbeutel der Eltern ist. Wie ihr ja wisst, ist es insbesondere in diesem Jahr angesichts von Inflation und Krise besonders schwierig f\u00fcr viele Familien, den Urlaub zu finanzieren. Viel zu oft fressen die teuren Lebensmitteleink\u00e4ufe die sorgsam gesparten Urlaubssparschweine auf. Jedes Kind und jede*r Jugendliche und jeder Mensch hat ein Recht auf Urlaub, Freizeit und Erholung. Wir Falken werden den Kindern unserer Klasse dieses Recht weiterhin verwirklichen.<\/p>\n\n\n\n<p class=\"wp-block-paragraph\">Wir freuen uns, wenn du uns dabei mit einer Spende unterst\u00fctzt. Verbreite gerne auch diesen Spendenaufruf weiter. Wir freuen uns \u00fcber alle Betr\u00e4ge. Ob mehr oder weniger &#8211; jede Spende ist uns wichtig und hilft. Wenn du mit einem Betrag unser Zeltlager unterst\u00fctzt erh\u00e4ltst du nat\u00fcrlich auch eine Spendenquittung. Die Kontodaten findest du unten.<\/p>\n\n\n\n<p class=\"wp-block-paragraph\">Lieben Dank und Freundschaft!<br>Deine Falken in Bayern<br><br>Spendenkonto SJD Die Falken LV Bayern<\/p>\n\n\n\n<p class=\"wp-block-paragraph\">Sparkasse Regensburg<\/p>\n\n\n\n<p class=\"wp-block-paragraph\">BIC: BYLADEM1RBG<\/p>\n\n\n\n<p class=\"wp-block-paragraph\">IBAN: DE78 7505 0000 0008 18617 3<\/p>\n\n\n\n<p class=\"wp-block-paragraph\">Bitte UNBEDINGT vollst\u00e4ndigen Namen und Anschrift in den \u00dcberweisungstext schreiben, wenn eine Spendenbescheinigung gew\u00fcnscht wird. Sonst ist diese nicht m\u00f6glich.<\/p>\n","protected":false},"excerpt":{"rendered":"<p>Selbstverst\u00e4ndlich fahren wir Falken auch dieses Jahr wieder auf unser Sommerzeltlager und gr\u00fcnden f\u00fcr zwei Wochen eine sozialistische Kinder- und Jugendrepublik. Dieses Jahr geht es mit allen bayerischen Falken gemeinsam nach Schwangau. Und schon ganz bald geht es los! Bei uns Falken d\u00fcrfen alle Kinder und Jugendlichen mitfahren \u2013 egal wie dick der Geldbeutel der Eltern ist. Wie ihr ja wisst, ist es insbesondere in &hellip; <a href=\"https:\/\/www.falken-muenchen.de\/index.php\/2023\/07\/20\/spendenaufruf\/\" class=\"more-link\">Continue reading <span class=\"screen-reader-text\">Spendenaufruf<\/span> <span class=\"meta-nav\">&raquo;<\/span><\/a><\/p>\n","protected":false},"author":1,"featured_media":0,"comment_status":"closed","ping_status":"closed","sticky":false,"template":"","format":"standard","meta":{"_crdt_document":"","footnotes":""},"categories":[3,1],"tags":[],"class_list":["post-955","post","type-post","status-publish","format-standard","hentry","category-aktuell","category-uncategorized"],"_links":{"self":[{"href":"https:\/\/www.falken-muenchen.de\/index.php\/wp-json\/wp\/v2\/posts\/955","targetHints":{"allow":["GET"]}}],"collection":[{"href":"https:\/\/www.falken-muenchen.de\/index.php\/wp-json\/wp\/v2\/posts"}],"about":[{"href":"https:\/\/www.falken-muenchen.de\/index.php\/wp-json\/wp\/v2\/types\/post"}],"author":[{"embeddable":true,"href":"https:\/\/www.falken-muenchen.de\/index.php\/wp-json\/wp\/v2\/users\/1"}],"replies":[{"embeddable":true,"href":"https:\/\/www.falken-muenchen.de\/index.php\/wp-json\/wp\/v2\/comments?post=955"}],"version-history":[{"count":1,"href":"https:\/\/www.falken-muenchen.de\/index.php\/wp-json\/wp\/v2\/posts\/955\/revisions"}],"predecessor-version":[{"id":958,"href":"https:\/\/www.falken-muenchen.de\/index.php\/wp-json\/wp\/v2\/posts\/955\/revisions\/958"}],"wp:attachment":[{"href":"https:\/\/www.falken-muenchen.de\/index.php\/wp-json\/wp\/v2\/media?parent=955"}],"wp:term":[{"taxonomy":"category","embeddable":true,"href":"https:\/\/www.falken-muenchen.de\/index.php\/wp-json\/wp\/v2\/categories?post=955"},{"taxonomy":"post_tag","embeddable":true,"href":"https:\/\/www.falken-muenchen.de\/index.php\/wp-json\/wp\/v2\/tags?post=955"}],"curies":[{"name":"wp","href":"https:\/\/api.w.org\/{rel}","templated":true}]}}