{"id":904,"date":"2023-04-23T17:21:17","date_gmt":"2023-04-23T16:21:17","guid":{"rendered":"https:\/\/www.falken-muenchen.de\/?p=904"},"modified":"2023-04-23T17:51:13","modified_gmt":"2023-04-23T16:51:13","slug":"1-mai-2023-die-armen-kinder","status":"publish","type":"post","link":"https:\/\/www.falken-muenchen.de\/index.php\/2023\/04\/23\/1-mai-2023-die-armen-kinder\/","title":{"rendered":"1. Mai 2023 &#8211; &#8222;Die armen Kinder&#8220;"},"content":{"rendered":"\n<p class=\"wp-block-paragraph\">Demonstriert mit uns auf der Kundgebung des <a href=\"https:\/\/muenchen.dgb.de\/\">DGB M\u00fcnchen<\/a>!<\/p>\n\n\n\n<p class=\"wp-block-paragraph\">Treffpunkt <strong>9:30 Uhr, Agentur f\u00fcr Arbeit<\/strong> (wir treffen uns <a href=\"https:\/\/www.openstreetmap.org\/way\/58745598\">am Kapuzinerplatz<\/a>)<\/p>\n\n\n\n<p class=\"wp-block-paragraph\">10 Uhr Demonstration von der Agentur f\u00fcr Arbeit zum Marienplatz &#8211; wir bilden einen <strong>Kinderblock<\/strong> f\u00fcr alle J\u00fcngeren. Wir freuen uns, wenn alle Kinder ihre Forderungen stellen &#8211; bringt gern Schilder und Plakate mit!<\/p>\n\n\n\n<p class=\"wp-block-paragraph\">11.00 Uhr Kundgebung am Marienplatz<\/p>\n\n\n\n<p class=\"wp-block-paragraph\">ab 12.15 Uhr Kultur- und Familienfest &#8211; wir gestalten das Kinderprogramm <a href=\"https:\/\/www.openstreetmap.org\/way\/35031262\">im Prunkhof<\/a>:<\/p>\n\n\n\n<ul class=\"wp-block-list\">\n<li>Infostand und Mitmachaktionen zum Thema Kinderarmut<\/li>\n\n\n\n<li>Malw\u00e4nde<\/li>\n\n\n\n<li>Buttons<\/li>\n\n\n\n<li>Kaffee\/Tee, Kuchen, belegte Brote<\/li>\n<\/ul>\n\n\n\n<h4 class=\"wp-block-heading\">\u201eDie armen Kinder!\u201c<\/h4>\n\n\n\n<p class=\"wp-block-paragraph\">Kinderarmut ist schlecht \u2013 darin sind sich Politiker*innen, Journalist*innen und Sozialarbeiter*innen immer einig. W\u00e4hrend armen Eltern oft unterstellt wird, sie k\u00f6nnten einfach nicht mit Geld umgehen, k\u00f6nnen die unschuldigen Kinder ja (noch) nichts f\u00fcr ihre&nbsp;Armut. Einige Politiker*innen beklagen zwar, dass es zutiefst ungerecht&nbsp;ist, wenn jedes f\u00fcnfte Kind in Armut lebt. Nur wenige aber geben zu, dass Ungerechtigkeit dort beginnt, wo Eltern&nbsp;schlechte L\u00f6hne gezahlt werden. Oft bleibt nicht genug Geld f\u00fcr&nbsp;Schulb\u00fccher, Klassenfahrten und vern\u00fcnftige Kleidung \u00fcbrig.<\/p>\n\n\n\n<p class=\"wp-block-paragraph\">Dabei hat es Gr\u00fcnde, warum in Deutschland jedes f\u00fcnfte Kind und jeder vierte Jugendliche in Armut aufw\u00e4chst: Trotz riesiger Profite&nbsp;der deutschen Wirtschaft&nbsp;sind&nbsp; die Reall\u00f6hne jahrzehntelang gleich&nbsp;geblieben. Weil nun alles teurer wird, k\u00f6nnen sich viele Eltern immer weniger leisten. Wenn&nbsp;wir Kinder- und Jugendarmut bek\u00e4mpfen wollen, dann reichen keine&nbsp;ungen\u00fcgende Kindergrundsicherung oder&nbsp;ein paar Euro mehr beim Kindergeld. Wir m\u00fcssen das Problem als&nbsp;Klassenfrage verstehen: Arme Kinder haben ausgebeutete Eltern.<\/p>\n\n\n\n<p class=\"wp-block-paragraph\">Deshalb k\u00e4mpfen wir f\u00fcr soziale Kinderrechte.&nbsp;Und wir sind ungebrochen solidarisch mit allen, die f\u00fcr h\u00f6here L\u00f6hne streiken, bessere Arbeitsbedingungen verlangen und den gesellschaftlichen Reichtum umverteilen wollen. Wir k\u00e4mpfen f\u00fcr eine&nbsp;Welt, in der niemand in Armut leben muss.&nbsp;Wir k\u00e4mpfen f\u00fcr eine&nbsp;sozialistische Alternative zum Kapitalismus.<\/p>\n\n\n\n<blockquote class=\"wp-block-quote is-layout-flow wp-block-quote-is-layout-flow\">\n<p class=\"wp-block-paragraph\"><em>\u201eJedes hungernde, frierende Kind, jedes ausgebeutete Kind ist ein <\/em><em>Raub der Bourgeoisie an der Arbeiterklasse.\u201c<\/em><\/p>\n<cite><em>Kurt L\u00f6wenstein<\/em><\/cite><\/blockquote>\n\n\n\n<p class=\"wp-block-paragraph\">Wir Falken organisieren <a href=\"https:\/\/www.falken-muenchen.de\/index.php\/2022\/12\/27\/fuchscamp-schwangau-wir-holen-uns-die-gans-reichen\/\" data-type=\"post\" data-id=\"874\">Zeltlager<\/a>, Ferienfreizeiten, Gruppenstunden und viele weitere Angebote f\u00fcr Kinder und Jugendliche, unabh\u00e4ngig vom Geldbeutel ihrer&nbsp;Eltern. Kommt vorbei und macht mit!<\/p>\n\n\n\n<p class=\"wp-block-paragraph\"><a href=\"\">https:\/\/www.instagram.com\/falken.muenchen\/<\/a><\/p>\n","protected":false},"excerpt":{"rendered":"<p>Demonstriert mit uns auf der Kundgebung des DGB M\u00fcnchen! Treffpunkt 9:30 Uhr, Agentur f\u00fcr Arbeit (wir treffen uns am Kapuzinerplatz) 10 Uhr Demonstration von der Agentur f\u00fcr Arbeit zum Marienplatz &#8211; wir bilden einen Kinderblock f\u00fcr alle J\u00fcngeren. Wir freuen uns, wenn alle Kinder ihre Forderungen stellen &#8211; bringt gern Schilder und Plakate mit! 11.00 Uhr Kundgebung am Marienplatz ab 12.15 Uhr Kultur- und Familienfest &hellip; <a href=\"https:\/\/www.falken-muenchen.de\/index.php\/2023\/04\/23\/1-mai-2023-die-armen-kinder\/\" class=\"more-link\">Continue reading <span class=\"screen-reader-text\">1. Mai 2023 &#8211; &#8222;Die armen Kinder&#8220;<\/span> <span class=\"meta-nav\">&raquo;<\/span><\/a><\/p>\n","protected":false},"author":1,"featured_media":906,"comment_status":"closed","ping_status":"closed","sticky":false,"template":"","format":"standard","meta":{"_crdt_document":"","footnotes":""},"categories":[3,1],"tags":[47,9,98,99],"class_list":["post-904","post","type-post","status-publish","format-standard","has-post-thumbnail","hentry","category-aktuell","category-uncategorized","tag-1-mai","tag-demonstration","tag-dgb","tag-familie"],"_links":{"self":[{"href":"https:\/\/www.falken-muenchen.de\/index.php\/wp-json\/wp\/v2\/posts\/904","targetHints":{"allow":["GET"]}}],"collection":[{"href":"https:\/\/www.falken-muenchen.de\/index.php\/wp-json\/wp\/v2\/posts"}],"about":[{"href":"https:\/\/www.falken-muenchen.de\/index.php\/wp-json\/wp\/v2\/types\/post"}],"author":[{"embeddable":true,"href":"https:\/\/www.falken-muenchen.de\/index.php\/wp-json\/wp\/v2\/users\/1"}],"replies":[{"embeddable":true,"href":"https:\/\/www.falken-muenchen.de\/index.php\/wp-json\/wp\/v2\/comments?post=904"}],"version-history":[{"count":3,"href":"https:\/\/www.falken-muenchen.de\/index.php\/wp-json\/wp\/v2\/posts\/904\/revisions"}],"predecessor-version":[{"id":918,"href":"https:\/\/www.falken-muenchen.de\/index.php\/wp-json\/wp\/v2\/posts\/904\/revisions\/918"}],"wp:featuredmedia":[{"embeddable":true,"href":"https:\/\/www.falken-muenchen.de\/index.php\/wp-json\/wp\/v2\/media\/906"}],"wp:attachment":[{"href":"https:\/\/www.falken-muenchen.de\/index.php\/wp-json\/wp\/v2\/media?parent=904"}],"wp:term":[{"taxonomy":"category","embeddable":true,"href":"https:\/\/www.falken-muenchen.de\/index.php\/wp-json\/wp\/v2\/categories?post=904"},{"taxonomy":"post_tag","embeddable":true,"href":"https:\/\/www.falken-muenchen.de\/index.php\/wp-json\/wp\/v2\/tags?post=904"}],"curies":[{"name":"wp","href":"https:\/\/api.w.org\/{rel}","templated":true}]}}