{"id":874,"date":"2022-12-27T22:58:15","date_gmt":"2022-12-27T21:58:15","guid":{"rendered":"https:\/\/www.falken-muenchen.de\/?p=874"},"modified":"2023-06-27T19:19:07","modified_gmt":"2023-06-27T18:19:07","slug":"fuchscamp-schwangau-wir-holen-uns-die-gans-reichen","status":"publish","type":"post","link":"https:\/\/www.falken-muenchen.de\/index.php\/2022\/12\/27\/fuchscamp-schwangau-wir-holen-uns-die-gans-reichen\/","title":{"rendered":"Fuchscamp Schwangau\u2013 Wir holen uns die Gans Reichen!"},"content":{"rendered":"\n<p class=\"wp-block-paragraph\">&#x1f3d5;&#xfe0f; Falkenzeltlager in &#x1f4cd; <a href=\"http:\/\/www.falkencamp-schwangau.de\/startseite.html\">Schwangau im Allg\u00e4u<\/a><br>&#x1f4c5; vom 05.08 &#8211; 19.08.2023<br>&#x1f9d2; f\u00fcr Kinder und Jugendliche von 6 &#8211; 17 Jahren<\/p>\n\n\n\n<h2 class=\"wp-block-heading\">Komm mit ins Falken-Zeltlager<\/h2>\n\n\n\n<p class=\"wp-block-paragraph\">Wie jeden Sommer fahren wir Falken auch 2023 auf unser Sommer-Zeltlager. Diesmal geht\u2019s mit allen Falken aus ganz Bayern nach Schwangau im Allg\u00e4u. Uns erwartet eine sch\u00f6ne Landschaft mit Fl\u00fcssen, Seen, Bergen und vielen K\u00fchen. Zwei Wochen lang leben wir dort in Zelten zusammen, bauen, spielen und planschen, diskutieren und sprechen \u00fcber Dinge, die uns besch\u00e4ftigen,<br>kochen gemeinsam, toben uns mal so richtig aus und haben eine sch\u00f6ne Zeit\u2026<\/p>\n\n\n\n<p class=\"wp-block-paragraph\">Komm doch mit!<\/p>\n\n\n\n<div class=\"wp-block-buttons is-horizontal is-content-justification-center is-layout-flex wp-container-core-buttons-is-layout-7d812b4c wp-block-buttons-is-layout-flex\">\n<div class=\"wp-block-button is-style-fill\"><a class=\"wp-block-button__link has-white-color has-text-color has-background wp-element-button\" href=\"https:\/\/www.falken-muenchen.de\/wp-content\/uploads\/2022\/12\/ZeLa-Flyer-ganz-fertig.pdf\" style=\"background-color:#98261e\"><strong>Anmeldung downloaden<\/strong><\/a><\/div>\n<\/div>\n\n\n\n<!--more-->\n\n\n\n<p class=\"wp-block-paragraph\"><\/p>\n\n\n\n<p class=\"wp-block-paragraph\">Jedes Kind und jede Jugendliche kennt das. Man stellt Fragen, findet etwas ungerecht, versteht nicht, warum die Welt ist, wie sie ist, warum es arm und reich gibt, warum es Rassismus gibt und was man dagegen tun kann, warum M\u00e4dchen und Frauen benachteiligt werden \u2013 und was bekommt man oft zur Antwort? \u201eDas ist eben so\u201c, \u201eDa kann man nix machen\u201c und \u201eLass die Fragerei\u201c. Bei uns Falken ist das anders. Wir stellen nicht nur Fragen, sondern wir finden auch gemeinsam Antworten und das Beste ist: Im Zeltlager reden wir nicht nur dar\u00fcber, sondern machen es auch. Wir sind f\u00fcr eine Welt, in der es jedem Menschen gut gehen kann, in der niemand arm sein muss und niemand Angst haben muss vor Gewalt und Ausgrenzung und in der die Arbeit gerecht aufgeteilt ist. Diese Welt bauen wir uns im Zeltlager selbst auf. Sie ist der Beweis, dass es m\u00f6glich ist. Die Regeln bestimmen wir alle zusammen und wenn jemand in der Gruppe ungerecht behandelt wird, versuchen wir gemeinsam eine gute<br>L\u00f6sung zu finden. Deshalb hei\u00dft das Motto von unserem Zeltlager auch:<\/p>\n\n\n\n<blockquote class=\"wp-block-quote is-layout-flow wp-block-quote-is-layout-flow\">\n<p class=\"wp-block-paragraph\">\u201eWir holen uns die Gans Reichen!\u201c<\/p>\n<\/blockquote>\n\n\n\n<p class=\"wp-block-paragraph\">Denn w\u00e4hrend der Gro\u00dfteil der Menschen auf diesem Planeten immer \u00e4rmer wird und zugleich die Klimakatastrophe und andere Krisen alles noch mehr versch\u00e4rfen, machen wenige Reiche einfach so weiter, treiben den Klimawandel voran und sind reich, weil andere arm sind. F\u00fcr uns sind Feminismus (also der Kampf f\u00fcr die Rechte von M\u00e4dchen und Frauen) und Antirassismus (also der Kampf gegen Rassismus) gelebte Praxis und haben hohe Bedeutung auf dem Zeltlager. Wir lernen gemeinsam, wie wir die Welt f\u00fcr uns besser und lebenswert machen k\u00f6nnen und probieren es auch gleich aus. Und das Sch\u00f6nste am Zeltlager ist: wir lernen, dass wir nicht allein sind und dass Solidarit\u00e4t uns ganz viel Kraft gibt.<\/p>\n\n\n\n<p class=\"wp-block-paragraph\"><strong>Helfen, teilen, Freundschaft halten \u2013 ja so soll es immer sein!<\/strong><\/p>\n\n\n\n<p class=\"wp-block-paragraph\">Sei dabei und meld dich an!<\/p>\n\n\n\n<div class=\"wp-block-buttons is-horizontal is-content-justification-center is-layout-flex wp-container-core-buttons-is-layout-7d812b4c wp-block-buttons-is-layout-flex\">\n<div class=\"wp-block-button is-style-fill\"><a class=\"wp-block-button__link has-white-color has-text-color has-background wp-element-button\" href=\"https:\/\/www.falken-muenchen.de\/wp-content\/uploads\/2022\/12\/ZeLa-Flyer-ganz-fertig.pdf\" style=\"background-color:#98261e\"><strong>Anmeldung downloaden<\/strong><\/a><\/div>\n<\/div>\n\n\n\n<h2 class=\"wp-block-heading\">Was kostet\u2019s?<\/h2>\n\n\n\n<p class=\"wp-block-paragraph\">F\u00fcr Mitglieder kostet\u2018s 230 Euro, F\u00fcr Nichtmitglieder 300 Euro. Geschwisterrabatt ist m\u00f6glich. <\/p>\n\n\n\n<p class=\"wp-block-paragraph\">Darin enthalten sind Hin- und R\u00fcckfahrt, Verpflegung und Unterkunft auf dem Zeltlager in Mehrpersonenschlafzelten,<br>nach Alter aber nicht nach Geschlecht getrennt. Bildungs- und Teilhabe-Gutscheine k\u00f6nnen eingesetzt werden. Wenn ihr euch den Beitrag trotzdem nicht leisten k\u00f6nnt, meldet euch bitte bei uns. Wir behandeln das vertraulich und diskret.<\/p>\n\n\n\n<h2 class=\"wp-block-heading\">Kein Kind bleibt wegen dem Geldbeutel zuhause!<\/h2>\n","protected":false},"excerpt":{"rendered":"<p>&#x1f3d5;&#xfe0f; Falkenzeltlager in &#x1f4cd; Schwangau im Allg\u00e4u&#x1f4c5; vom 05.08 &#8211; 19.08.2023&#x1f9d2; f\u00fcr Kinder und Jugendliche von 6 &#8211; 17 Jahren Komm mit ins Falken-Zeltlager Wie jeden Sommer fahren wir Falken auch 2023 auf unser Sommer-Zeltlager. Diesmal geht\u2019s mit allen Falken aus ganz Bayern nach Schwangau im Allg\u00e4u. Uns erwartet eine sch\u00f6ne Landschaft mit Fl\u00fcssen, Seen, Bergen und vielen K\u00fchen. Zwei Wochen lang leben wir dort &hellip; <a href=\"https:\/\/www.falken-muenchen.de\/index.php\/2022\/12\/27\/fuchscamp-schwangau-wir-holen-uns-die-gans-reichen\/\" class=\"more-link\">Continue reading <span class=\"screen-reader-text\">Fuchscamp Schwangau\u2013 Wir holen uns die Gans Reichen!<\/span> <span class=\"meta-nav\">&raquo;<\/span><\/a><\/p>\n","protected":false},"author":1,"featured_media":873,"comment_status":"closed","ping_status":"closed","sticky":false,"template":"","format":"standard","meta":{"_crdt_document":"","footnotes":""},"categories":[3,1],"tags":[18,52,32,19,17],"class_list":["post-874","post","type-post","status-publish","format-standard","has-post-thumbnail","hentry","category-aktuell","category-uncategorized","tag-freizeit","tag-jugendliche","tag-kinder","tag-sommer","tag-zeltlager"],"_links":{"self":[{"href":"https:\/\/www.falken-muenchen.de\/index.php\/wp-json\/wp\/v2\/posts\/874","targetHints":{"allow":["GET"]}}],"collection":[{"href":"https:\/\/www.falken-muenchen.de\/index.php\/wp-json\/wp\/v2\/posts"}],"about":[{"href":"https:\/\/www.falken-muenchen.de\/index.php\/wp-json\/wp\/v2\/types\/post"}],"author":[{"embeddable":true,"href":"https:\/\/www.falken-muenchen.de\/index.php\/wp-json\/wp\/v2\/users\/1"}],"replies":[{"embeddable":true,"href":"https:\/\/www.falken-muenchen.de\/index.php\/wp-json\/wp\/v2\/comments?post=874"}],"version-history":[{"count":6,"href":"https:\/\/www.falken-muenchen.de\/index.php\/wp-json\/wp\/v2\/posts\/874\/revisions"}],"predecessor-version":[{"id":892,"href":"https:\/\/www.falken-muenchen.de\/index.php\/wp-json\/wp\/v2\/posts\/874\/revisions\/892"}],"wp:featuredmedia":[{"embeddable":true,"href":"https:\/\/www.falken-muenchen.de\/index.php\/wp-json\/wp\/v2\/media\/873"}],"wp:attachment":[{"href":"https:\/\/www.falken-muenchen.de\/index.php\/wp-json\/wp\/v2\/media?parent=874"}],"wp:term":[{"taxonomy":"category","embeddable":true,"href":"https:\/\/www.falken-muenchen.de\/index.php\/wp-json\/wp\/v2\/categories?post=874"},{"taxonomy":"post_tag","embeddable":true,"href":"https:\/\/www.falken-muenchen.de\/index.php\/wp-json\/wp\/v2\/tags?post=874"}],"curies":[{"name":"wp","href":"https:\/\/api.w.org\/{rel}","templated":true}]}}