{"id":856,"date":"2022-12-06T19:00:00","date_gmt":"2022-12-06T18:00:00","guid":{"rendered":"https:\/\/www.falken-muenchen.de\/?p=856"},"modified":"2023-01-22T11:45:38","modified_gmt":"2023-01-22T10:45:38","slug":"gegen-das-vergessen-gedenkkundgebung-am-7-1-2023","status":"publish","type":"post","link":"https:\/\/www.falken-muenchen.de\/index.php\/2022\/12\/06\/gegen-das-vergessen-gedenkkundgebung-am-7-1-2023\/","title":{"rendered":"Gegen das Vergessen! Gedenkkundgebung am 7.1.2023"},"content":{"rendered":"<div class=\"wp-block-image\">\n<figure class=\"alignright size-large\"><img decoding=\"async\" src=\"https:\/\/asam.noblogs.org\/files\/2022\/11\/Schiller_Insta-TL-und-Signal-Seite001-300x300.png\" alt=\"\"\/><\/figure>\n<\/div>\n\n\n<blockquote class=\"wp-block-quote is-layout-flow wp-block-quote-is-layout-flow\">\n<p class=\"wp-block-paragraph\">Am 7. Januar 1984 werfen zwei M\u00e4nner je einen Kanister Benzin in den Eingangsbereich der Diskothek \u201eLiverpool\u201c in der M\u00fcnchner Schillerstra\u00dfe und setzen das Lokal in Brand. Acht Menschen werden verletzt. Conny Tartarotti, eine Barangestellte, erliegt drei Monate sp\u00e4ter ihren schweren Verletzungen. Sie war 20 Jahre alt.<br>[&#8230;]<br>Wir versammeln uns um 16 Uhr vor dem ehemaligen Club \u201eLiverpool\u201c in der Schillerstra\u00dfe, um uns solidarisch mit den vielen Verletzten und Hinterbliebenen sowie allen Betroffenen rechter, homo- und transfeindlicher sowie misogyner Gewalt zu zeigen. Wir solidarisieren uns zudem ausdr\u00fccklich mit&nbsp;der Initiative in Gedenken an Oury Jalloh, seiner Familie und seinen Freund*innen. Diese k\u00e4mpfen seit mittlerweile 18 Jahren f\u00fcr die Aufkl\u00e4rung der Todesumst\u00e4nde und Gerechtigkeit f\u00fcr Jalloh.<\/p>\n\n\n\n<p class=\"wp-block-paragraph\"><strong>Wo: Schillerstra\u00dfe 11A, M\u00fcnchen<\/strong><br><strong>Wann: 7.1.2023 um 16 Uhr<\/strong><\/p>\n<cite><em>Aus dem Aufruf der Antisexistischen Aktion M\u00fcnchen (ASAM)<\/em><\/cite><\/blockquote>\n\n\n\n<div class=\"wp-block-buttons is-layout-flex wp-block-buttons-is-layout-flex\">\n<div class=\"wp-block-button\"><a class=\"wp-block-button__link has-white-color has-text-color has-background has-text-align-center wp-element-button\" href=\"https:\/\/asam.noblogs.org\/post\/2022\/11\/25\/aufruf-gegen-das-vergessen\/\" style=\"background-color:#9f1e37\"><strong>Infos bei der ASAM<\/strong><\/a><\/div>\n<\/div>\n","protected":false},"excerpt":{"rendered":"<p>Am 7. Januar 1984 werfen zwei M\u00e4nner je einen Kanister Benzin in den Eingangsbereich der Diskothek \u201eLiverpool\u201c in der M\u00fcnchner Schillerstra\u00dfe und setzen das Lokal in Brand. Acht Menschen werden verletzt. Conny Tartarotti, eine Barangestellte, erliegt drei Monate sp\u00e4ter ihren schweren Verletzungen. Sie war 20 Jahre alt.[&#8230;]Wir versammeln uns um 16 Uhr vor dem ehemaligen Club \u201eLiverpool\u201c in der Schillerstra\u00dfe, um uns solidarisch mit den &hellip; <a href=\"https:\/\/www.falken-muenchen.de\/index.php\/2022\/12\/06\/gegen-das-vergessen-gedenkkundgebung-am-7-1-2023\/\" class=\"more-link\">Continue reading <span class=\"screen-reader-text\">Gegen das Vergessen! Gedenkkundgebung am 7.1.2023<\/span> <span class=\"meta-nav\">&raquo;<\/span><\/a><\/p>\n","protected":false},"author":4,"featured_media":0,"comment_status":"closed","ping_status":"closed","sticky":false,"template":"","format":"standard","meta":{"_crdt_document":"","footnotes":""},"categories":[3,1],"tags":[94,96,95],"class_list":["post-856","post","type-post","status-publish","format-standard","hentry","category-aktuell","category-uncategorized","tag-anschlag","tag-kundgebung","tag-sexismus"],"_links":{"self":[{"href":"https:\/\/www.falken-muenchen.de\/index.php\/wp-json\/wp\/v2\/posts\/856","targetHints":{"allow":["GET"]}}],"collection":[{"href":"https:\/\/www.falken-muenchen.de\/index.php\/wp-json\/wp\/v2\/posts"}],"about":[{"href":"https:\/\/www.falken-muenchen.de\/index.php\/wp-json\/wp\/v2\/types\/post"}],"author":[{"embeddable":true,"href":"https:\/\/www.falken-muenchen.de\/index.php\/wp-json\/wp\/v2\/users\/4"}],"replies":[{"embeddable":true,"href":"https:\/\/www.falken-muenchen.de\/index.php\/wp-json\/wp\/v2\/comments?post=856"}],"version-history":[{"count":5,"href":"https:\/\/www.falken-muenchen.de\/index.php\/wp-json\/wp\/v2\/posts\/856\/revisions"}],"predecessor-version":[{"id":886,"href":"https:\/\/www.falken-muenchen.de\/index.php\/wp-json\/wp\/v2\/posts\/856\/revisions\/886"}],"wp:attachment":[{"href":"https:\/\/www.falken-muenchen.de\/index.php\/wp-json\/wp\/v2\/media?parent=856"}],"wp:term":[{"taxonomy":"category","embeddable":true,"href":"https:\/\/www.falken-muenchen.de\/index.php\/wp-json\/wp\/v2\/categories?post=856"},{"taxonomy":"post_tag","embeddable":true,"href":"https:\/\/www.falken-muenchen.de\/index.php\/wp-json\/wp\/v2\/tags?post=856"}],"curies":[{"name":"wp","href":"https:\/\/api.w.org\/{rel}","templated":true}]}}