{"id":849,"date":"2022-11-27T19:28:31","date_gmt":"2022-11-27T18:28:31","guid":{"rendered":"https:\/\/www.falken-muenchen.de\/?p=849"},"modified":"2022-11-30T13:48:26","modified_gmt":"2022-11-30T12:48:26","slug":"jetzt-glangts","status":"publish","type":"post","link":"https:\/\/www.falken-muenchen.de\/index.php\/2022\/11\/27\/jetzt-glangts\/","title":{"rendered":"&#x1f385;&#x1f3fd; Jetzt glangt&#8217;s! &#x270a;&#x1f3fd;"},"content":{"rendered":"\n<p class=\"wp-block-paragraph\">Nicht nur am Nikolaustag:&nbsp;<\/p>\n\n\n\n<figure class=\"wp-block-image size-large is-resized\"><a href=\"https:\/\/www.wirsagengenug.de\/aktionstag-stiefel-leer-geld-her-am-06-dezember\/\"><img loading=\"lazy\" decoding=\"async\" src=\"https:\/\/www.wirsagengenug.de\/content\/images\/size\/w1000\/2022\/11\/Nikolaus-SP.png\" alt=\"Stiefel leer? Geld her!\" width=\"540\" height=\"540\"\/><\/a><\/figure>\n\n\n\n<p class=\"wp-block-paragraph\"><strong>Stiefel leer, Geld muss her!<\/strong><\/p>\n\n\n\n<p class=\"wp-block-paragraph\"><strong>Den Reichen nehmen, den Armen geben!<\/strong><\/p>\n\n\n\n<p class=\"wp-block-paragraph\">Wir rufen zum <strong>Protest gegen Profitstreben und <\/strong><strong>f\u00fcr soziale Gerechtigkeit<\/strong> auf am:<\/p>\n\n\n\n<p class=\"wp-block-paragraph\">&#x23f0; <strong>Dienstag, den 6.12., 17 Uhr<\/strong><\/p>\n\n\n\n<p class=\"wp-block-paragraph\">&#x1f4cd; <strong>auf dem Vorplatz des Giesinger&nbsp;Bahnhofs.<\/strong><\/p>\n\n\n\n<p class=\"wp-block-paragraph\">Dort wollen wir den von Inflation besonders hart getroffenen Menschen eine Stimme geben und sie ermutigen selbst zu reden. Armut ist keine Schande, sondern die M\u00e4chtigen, die dies zulassen, sollten sich sch\u00e4men.<\/p>\n\n\n\n<p class=\"wp-block-paragraph\">Wir fordern unter anderem:<\/p>\n\n\n\n<ul class=\"wp-block-list\">\n<li>bezahlbare Mieten und Energie<\/li>\n\n\n\n<li>ausk\u00f6mmliche menschenw\u00fcrdige Grundsicherung<\/li>\n\n\n\n<li>Lohnerh\u00f6hungen f\u00fcr alle Besch\u00e4ftigten<\/li>\n\n\n\n<li>\u00dcbergewinnsteuer, Verm\u00f6gensabgabe, Verm\u00f6genssteuer, Erbschaftssteuer<\/li>\n\n\n\n<li>statt 100 Mrd. f\u00fcr Hochr\u00fcstung, 100 Mrd. f\u00fcr soziale Sicherung und Klimaschutz<\/li>\n<\/ul>\n\n\n\n<p class=\"wp-block-paragraph\">Die Aktion wird durchgef\u00fchrt vom <a href=\"https:\/\/www.wirsagengenug.de\/\">B\u00fcndnis Genug ist Genug<\/a>.<\/p>\n\n\n\n<div class=\"wp-block-buttons is-layout-flex wp-block-buttons-is-layout-flex\">\n<div class=\"wp-block-button is-style-fill\"><a class=\"wp-block-button__link has-text-color has-background wp-element-button\" style=\"color:#01a976;background-color:#f5cbe4\"><strong>Flyer downloaden<\/strong> (5MB PDF)<\/a><\/div>\n<\/div>\n","protected":false},"excerpt":{"rendered":"<p>Wir rufen zum Protest gegen Profitstreben und f\u00fcr soziale Gerechtigkeit auf am:<\/p>\n<p>&#x23f0; Dienstag, den 6.12., 17 Uhr<\/p>\n<p>&#x1f4cd; auf dem Vorplatz des Giesinger\u00a0Bahnhofs.<\/p>\n","protected":false},"author":4,"featured_media":0,"comment_status":"closed","ping_status":"closed","sticky":false,"template":"","format":"standard","meta":{"_crdt_document":"","footnotes":""},"categories":[3,1],"tags":[71,9,89,92,91,90,70,93],"class_list":["post-849","post","type-post","status-publish","format-standard","hentry","category-aktuell","category-uncategorized","tag-armut","tag-demonstration","tag-energie","tag-gerechtigkeit","tag-grundsicherung","tag-miete","tag-reichtum","tag-soziales"],"_links":{"self":[{"href":"https:\/\/www.falken-muenchen.de\/index.php\/wp-json\/wp\/v2\/posts\/849","targetHints":{"allow":["GET"]}}],"collection":[{"href":"https:\/\/www.falken-muenchen.de\/index.php\/wp-json\/wp\/v2\/posts"}],"about":[{"href":"https:\/\/www.falken-muenchen.de\/index.php\/wp-json\/wp\/v2\/types\/post"}],"author":[{"embeddable":true,"href":"https:\/\/www.falken-muenchen.de\/index.php\/wp-json\/wp\/v2\/users\/4"}],"replies":[{"embeddable":true,"href":"https:\/\/www.falken-muenchen.de\/index.php\/wp-json\/wp\/v2\/comments?post=849"}],"version-history":[{"count":3,"href":"https:\/\/www.falken-muenchen.de\/index.php\/wp-json\/wp\/v2\/posts\/849\/revisions"}],"predecessor-version":[{"id":855,"href":"https:\/\/www.falken-muenchen.de\/index.php\/wp-json\/wp\/v2\/posts\/849\/revisions\/855"}],"wp:attachment":[{"href":"https:\/\/www.falken-muenchen.de\/index.php\/wp-json\/wp\/v2\/media?parent=849"}],"wp:term":[{"taxonomy":"category","embeddable":true,"href":"https:\/\/www.falken-muenchen.de\/index.php\/wp-json\/wp\/v2\/categories?post=849"},{"taxonomy":"post_tag","embeddable":true,"href":"https:\/\/www.falken-muenchen.de\/index.php\/wp-json\/wp\/v2\/tags?post=849"}],"curies":[{"name":"wp","href":"https:\/\/api.w.org\/{rel}","templated":true}]}}