{"id":835,"date":"2022-10-25T10:13:17","date_gmt":"2022-10-25T09:13:17","guid":{"rendered":"https:\/\/www.falken-muenchen.de\/?p=835"},"modified":"2022-10-25T10:13:18","modified_gmt":"2022-10-25T09:13:18","slug":"ausstellung-17-10-2022-14-11-2022","status":"publish","type":"post","link":"https:\/\/www.falken-muenchen.de\/index.php\/2022\/10\/25\/ausstellung-17-10-2022-14-11-2022\/","title":{"rendered":"Ausstellung 17.10.2022 &#8211; 14.11.2022"},"content":{"rendered":"\n<p class=\"wp-block-paragraph\"><img loading=\"lazy\" decoding=\"async\" data-id=\"18246\" width=\"722\" height=\"1024\" class=\"wp-image-18246\" src=\"https:\/\/www.kalinka-m.org\/wp-content\/uploads\/2022\/09\/Flyerentwurf-72ppi-722x1024.jpg\" alt=\"\"><\/p>\n\n\n\n<p class=\"wp-block-paragraph\"><strong>Wann<\/strong><br>17.10.2022 &#8211; 14.11.2022<br><em>19:00 &#8211; 23:00<\/em><\/p>\n\n\n\n<p class=\"wp-block-paragraph\"><strong>Wo<\/strong><br><a href=\"https:\/\/www.kalinka-m.org\/locations\/glockenbachwerkstatt\/\">Glockenbachwerkstatt<\/a><br>Blumenstra\u00dfe 7<br>M\u00fcnchen<br><strong>Details<\/strong><\/p>\n\n\n\n<p class=\"wp-block-paragraph\">\u00d6ffnungszeiten: Mo. \u2013 Do. 17.30 \u2013 23.00 Uhr&nbsp; (au\u00dfer 1. November)<br>Fr. ab 19.00 Uhr<\/p>\n","protected":false},"excerpt":{"rendered":"<p>Wann17.10.2022 &#8211; 14.11.202219:00 &#8211; 23:00 WoGlockenbachwerkstattBlumenstra\u00dfe 7M\u00fcnchenDetails \u00d6ffnungszeiten: Mo. \u2013 Do. 17.30 \u2013 23.00 Uhr&nbsp; (au\u00dfer 1. November)Fr. ab 19.00 Uhr<\/p>\n","protected":false},"author":6,"featured_media":0,"comment_status":"closed","ping_status":"closed","sticky":false,"template":"","format":"standard","meta":{"_crdt_document":"","footnotes":""},"categories":[1],"tags":[],"class_list":["post-835","post","type-post","status-publish","format-standard","hentry","category-uncategorized"],"_links":{"self":[{"href":"https:\/\/www.falken-muenchen.de\/index.php\/wp-json\/wp\/v2\/posts\/835","targetHints":{"allow":["GET"]}}],"collection":[{"href":"https:\/\/www.falken-muenchen.de\/index.php\/wp-json\/wp\/v2\/posts"}],"about":[{"href":"https:\/\/www.falken-muenchen.de\/index.php\/wp-json\/wp\/v2\/types\/post"}],"author":[{"embeddable":true,"href":"https:\/\/www.falken-muenchen.de\/index.php\/wp-json\/wp\/v2\/users\/6"}],"replies":[{"embeddable":true,"href":"https:\/\/www.falken-muenchen.de\/index.php\/wp-json\/wp\/v2\/comments?post=835"}],"version-history":[{"count":1,"href":"https:\/\/www.falken-muenchen.de\/index.php\/wp-json\/wp\/v2\/posts\/835\/revisions"}],"predecessor-version":[{"id":837,"href":"https:\/\/www.falken-muenchen.de\/index.php\/wp-json\/wp\/v2\/posts\/835\/revisions\/837"}],"wp:attachment":[{"href":"https:\/\/www.falken-muenchen.de\/index.php\/wp-json\/wp\/v2\/media?parent=835"}],"wp:term":[{"taxonomy":"category","embeddable":true,"href":"https:\/\/www.falken-muenchen.de\/index.php\/wp-json\/wp\/v2\/categories?post=835"},{"taxonomy":"post_tag","embeddable":true,"href":"https:\/\/www.falken-muenchen.de\/index.php\/wp-json\/wp\/v2\/tags?post=835"}],"curies":[{"name":"wp","href":"https:\/\/api.w.org\/{rel}","templated":true}]}}