{"id":779,"date":"2022-04-02T10:57:04","date_gmt":"2022-04-02T09:57:04","guid":{"rendered":"https:\/\/www.falken-muenchen.de\/?p=779"},"modified":"2022-07-27T11:42:55","modified_gmt":"2022-07-27T10:42:55","slug":"pfingstcamp-im-allgaeu-4-9-juni-2022","status":"publish","type":"post","link":"https:\/\/www.falken-muenchen.de\/index.php\/2022\/04\/02\/pfingstcamp-im-allgaeu-4-9-juni-2022\/","title":{"rendered":"Pfingstcamp im Allg\u00e4u \u2013 4.-9. Juni 2022"},"content":{"rendered":"\n<p class=\"wp-block-paragraph\">Statt eines Sommercamps gibt&#8217;s dieses Jahr eine Fahrt schon an Pfingsten. Zusammen lassen wir es uns in Sonthofen im Allg\u00e4u gut gehen. Ein Camp mal nur f\u00fcr die J\u00fcngeren von 6 bis 12 Jahren, mit Spiel, Sport, Bastelei, Musik und hoffentlich viel Sonne.<\/p>\n\n\n\n<h3 class=\"wp-block-heading\">Wir sind Kinder einer Erde<\/h3>\n\n\n\n<p class=\"wp-block-paragraph\">Zum Motto des Pfingstcamps schauen wir uns an, was Kinder in allen Teilen der Welt besch\u00e4ftigt. Wie geht es ihnen dort? Was finden sie gut, und was gef\u00e4llt \u00adihnen nicht? Was verbindet Kinder auf der ganzen Welt? Was sollten die Erwachsenen von Kindern lernen? Wie k\u00f6nnen wir \u00adKindern helfen, die aus anderen L\u00e4ndern zu uns kommen?<\/p>\n\n\n\n<p class=\"wp-block-paragraph\">&#x1f4cd; Sonthofen, <a href=\"https:\/\/fub-sonthofen.de\/\">Freizeit- und Bildungsst\u00e4tte der Falken<\/a><br>&#x1f4c6; Samstag, 4. Juni bis Donnerstag, 9. Juni <br>&#x1f9d2; f\u00fcr Alle im Alter von 6 \u2014 12 Jahren<br>&#x1f4b6; 50 \u20ac (f\u00fcr Mitglieder), 60 \u20ac (f\u00fcr Nichtmitglieder)<\/p>\n\n\n\n<p class=\"wp-block-paragraph\">F\u00fcr weitere Infos und Anmeldung bitte die Ausschreibung downloaden &#x1f447;<\/p>\n\n\n\n<div class=\"wp-block-buttons is-content-justification-center is-layout-flex wp-container-core-buttons-is-layout-fe48e5de wp-block-buttons-is-layout-flex\">\n<div class=\"wp-block-button has-custom-font-size is-style-fill has-medium-font-size\"><a class=\"wp-block-button__link has-white-color has-vivid-cyan-blue-background-color has-text-color has-background wp-element-button\" href=\"https:\/\/www.falken-muenchen.de\/wp-content\/uploads\/2022\/04\/220402_Falken_PFINGSTC_final.pdf\" style=\"border-radius:10px\">Ausschreibung (PDF)<\/a><\/div>\n<\/div>\n\n\n\n<p class=\"wp-block-paragraph\"><br><\/p>\n","protected":false},"excerpt":{"rendered":"<p>Pfingstcamp im Allg\u00e4u \u2013 4.-9. Juni 2022<br \/>\nStatt eines Sommercamps gibt&#8217;s dieses Jahr eine Fahrt schon an Pfingsten.<br \/>\nZusammen lassen wir es uns in Sonthofen im Allg\u00e4u gut gehen. Ein Camp mal nur f\u00fcr die J\u00fcngeren von 6<br \/>\nbis 12 Jahren, mit Spiel, Sport, Bastelei, Musik und hoffentlich viel Sonne.<\/p>\n","protected":false},"author":4,"featured_media":778,"comment_status":"closed","ping_status":"closed","sticky":false,"template":"","format":"standard","meta":{"_crdt_document":"","footnotes":""},"categories":[3,1],"tags":[18,12,32],"class_list":["post-779","post","type-post","status-publish","format-standard","has-post-thumbnail","hentry","category-aktuell","category-uncategorized","tag-freizeit","tag-internationalismus","tag-kinder"],"_links":{"self":[{"href":"https:\/\/www.falken-muenchen.de\/index.php\/wp-json\/wp\/v2\/posts\/779","targetHints":{"allow":["GET"]}}],"collection":[{"href":"https:\/\/www.falken-muenchen.de\/index.php\/wp-json\/wp\/v2\/posts"}],"about":[{"href":"https:\/\/www.falken-muenchen.de\/index.php\/wp-json\/wp\/v2\/types\/post"}],"author":[{"embeddable":true,"href":"https:\/\/www.falken-muenchen.de\/index.php\/wp-json\/wp\/v2\/users\/4"}],"replies":[{"embeddable":true,"href":"https:\/\/www.falken-muenchen.de\/index.php\/wp-json\/wp\/v2\/comments?post=779"}],"version-history":[{"count":5,"href":"https:\/\/www.falken-muenchen.de\/index.php\/wp-json\/wp\/v2\/posts\/779\/revisions"}],"predecessor-version":[{"id":814,"href":"https:\/\/www.falken-muenchen.de\/index.php\/wp-json\/wp\/v2\/posts\/779\/revisions\/814"}],"wp:featuredmedia":[{"embeddable":true,"href":"https:\/\/www.falken-muenchen.de\/index.php\/wp-json\/wp\/v2\/media\/778"}],"wp:attachment":[{"href":"https:\/\/www.falken-muenchen.de\/index.php\/wp-json\/wp\/v2\/media?parent=779"}],"wp:term":[{"taxonomy":"category","embeddable":true,"href":"https:\/\/www.falken-muenchen.de\/index.php\/wp-json\/wp\/v2\/categories?post=779"},{"taxonomy":"post_tag","embeddable":true,"href":"https:\/\/www.falken-muenchen.de\/index.php\/wp-json\/wp\/v2\/tags?post=779"}],"curies":[{"name":"wp","href":"https:\/\/api.w.org\/{rel}","templated":true}]}}