{"id":746,"date":"2022-02-17T08:29:34","date_gmt":"2022-02-17T07:29:34","guid":{"rendered":"https:\/\/www.falken-muenchen.de\/?p=746"},"modified":"2022-02-23T16:44:23","modified_gmt":"2022-02-23T15:44:23","slug":"rote-linie-gegen-verschwoerungsideologien","status":"publish","type":"post","link":"https:\/\/www.falken-muenchen.de\/index.php\/2022\/02\/17\/rote-linie-gegen-verschwoerungsideologien\/","title":{"rendered":"&#x1faa7; Rote Linie gegen Verschw\u00f6rungsideologien!"},"content":{"rendered":"\n<blockquote class=\"wp-block-quote is-layout-flow wp-block-quote-is-layout-flow\"><p><strong>Am 26.02.2022 um 14:00 Uhr findet die Aktion &#8222;#GemeinsamSolidarisch &#8211; Rote Linie gegen Verschw\u00f6rungsideologien&#8220; statt. Mit einer Menschenkette um den M\u00fcnchner Altstadtring soll eine klare Abgrenzung (rote Linie) gegen Verschw\u00f6rungsideologien symbolisiert werden. Das B\u00fcndnis wurde von jungen Menschen der Zivilgesellschaft initiiert.<\/strong><\/p><cite>Mehr Infos unter: <a href=\"https:\/\/gemeinsam-solidarisch.org\/\">gemeinsam-solidarisch.org\/ <\/a><\/cite><\/blockquote>\n\n\n\n<p class=\"wp-block-paragraph\"><\/p>\n\n\n\n<p class=\"wp-block-paragraph\"><\/p>\n\n\n\n<p class=\"wp-block-paragraph\">&#x1f4c5; Samstag, 26. Februar ab 14 Uhr<\/p>\n\n\n\n<p class=\"wp-block-paragraph\">&#x1f4cd; Wir Falken treffen uns am Stachus (Karlsplatz)<\/p>\n\n\n\n<p class=\"wp-block-paragraph\">Kommt einfach vorbei! Wer mag, kann sich <a href=\"mailto:info@falken-muenchen.de?subject=Anmeldung%20Rote%20Linie%20gegen%20Verschw%C3%B6rungsideologien&amp;body=Person(en)%3A%20%0ATelefon%3A%20\">per E-Mail anmelden<\/a><\/p>\n","protected":false},"excerpt":{"rendered":"<p>Am 26.02.2022 um 14:00 Uhr findet die Aktion &#8222;#GemeinsamSolidarisch &#8211; Rote Linie gegen Verschw\u00f6rungsideologien&#8220; statt. Mit einer Menschenkette um den M\u00fcnchner Altstadtring soll eine klare Abgrenzung (rote Linie) gegen Verschw\u00f6rungsideologien symbolisiert werden. Das B\u00fcndnis wurde von jungen Menschen der Zivilgesellschaft initiiert. Mehr Infos unter: gemeinsam-solidarisch.org\/ &#x1f4c5; Samstag, 26. Februar ab 14 Uhr &#x1f4cd; Wir Falken treffen uns am Stachus (Karlsplatz) Kommt einfach vorbei! Wer mag, &hellip; <a href=\"https:\/\/www.falken-muenchen.de\/index.php\/2022\/02\/17\/rote-linie-gegen-verschwoerungsideologien\/\" class=\"more-link\">Continue reading <span class=\"screen-reader-text\">&#x1faa7; Rote Linie gegen Verschw\u00f6rungsideologien!<\/span> <span class=\"meta-nav\">&raquo;<\/span><\/a><\/p>\n","protected":false},"author":4,"featured_media":753,"comment_status":"closed","ping_status":"closed","sticky":false,"template":"","format":"standard","meta":{"_crdt_document":"","footnotes":""},"categories":[3,1],"tags":[9,15],"class_list":["post-746","post","type-post","status-publish","format-standard","has-post-thumbnail","hentry","category-aktuell","category-uncategorized","tag-demonstration","tag-treffen"],"_links":{"self":[{"href":"https:\/\/www.falken-muenchen.de\/index.php\/wp-json\/wp\/v2\/posts\/746","targetHints":{"allow":["GET"]}}],"collection":[{"href":"https:\/\/www.falken-muenchen.de\/index.php\/wp-json\/wp\/v2\/posts"}],"about":[{"href":"https:\/\/www.falken-muenchen.de\/index.php\/wp-json\/wp\/v2\/types\/post"}],"author":[{"embeddable":true,"href":"https:\/\/www.falken-muenchen.de\/index.php\/wp-json\/wp\/v2\/users\/4"}],"replies":[{"embeddable":true,"href":"https:\/\/www.falken-muenchen.de\/index.php\/wp-json\/wp\/v2\/comments?post=746"}],"version-history":[{"count":5,"href":"https:\/\/www.falken-muenchen.de\/index.php\/wp-json\/wp\/v2\/posts\/746\/revisions"}],"predecessor-version":[{"id":757,"href":"https:\/\/www.falken-muenchen.de\/index.php\/wp-json\/wp\/v2\/posts\/746\/revisions\/757"}],"wp:featuredmedia":[{"embeddable":true,"href":"https:\/\/www.falken-muenchen.de\/index.php\/wp-json\/wp\/v2\/media\/753"}],"wp:attachment":[{"href":"https:\/\/www.falken-muenchen.de\/index.php\/wp-json\/wp\/v2\/media?parent=746"}],"wp:term":[{"taxonomy":"category","embeddable":true,"href":"https:\/\/www.falken-muenchen.de\/index.php\/wp-json\/wp\/v2\/categories?post=746"},{"taxonomy":"post_tag","embeddable":true,"href":"https:\/\/www.falken-muenchen.de\/index.php\/wp-json\/wp\/v2\/tags?post=746"}],"curies":[{"name":"wp","href":"https:\/\/api.w.org\/{rel}","templated":true}]}}