{"id":729,"date":"2022-01-24T21:00:15","date_gmt":"2022-01-24T20:00:15","guid":{"rendered":"https:\/\/www.falken-muenchen.de\/?p=729"},"modified":"2022-02-17T08:10:18","modified_gmt":"2022-02-17T07:10:18","slug":"infos-zum-ifm-camp","status":"publish","type":"post","link":"https:\/\/www.falken-muenchen.de\/index.php\/2022\/01\/24\/infos-zum-ifm-camp\/","title":{"rendered":"Infos zum IFM-Camp &#x1f3d5;&#xfe0f;"},"content":{"rendered":"\n<div class=\"wp-block-image\"><figure class=\"alignright size-large is-resized\"><a href=\"https:\/\/www.falken-muenchen.de\/wp-content\/uploads\/2022\/01\/Emblem-Common-Ground-2022-e1643054275825.png\"><img loading=\"lazy\" decoding=\"async\" src=\"https:\/\/www.falken-muenchen.de\/wp-content\/uploads\/2022\/01\/Emblem-Common-Ground-2022-1024x1024.png\" alt=\"Common Ground Emblem 2022\" class=\"wp-image-732\" width=\"261\" height=\"261\"\/><\/a><\/figure><\/div>\n\n\n\n<p class=\"wp-block-paragraph\">Von <strong>29. Juli bis 8. August<\/strong> wird es dieses Jahr endlich stattfinden, das <a href=\"https:\/\/www.commonground.camp\/\">Camp Common Ground<\/a> des <a href=\"https:\/\/ifm-sei.org\/\">International Falcon Movement<\/a> (IFM). Gastgeberin ist die Organisation <a href=\"https:\/\/woodcraft.org.uk\/about-woodcraft-folk\/\">Woodcraft Folk<\/a>, Ort die <a href=\"https:\/\/www.kelmarsh.com\/\">Kelmarsh Hall and Gardens<\/a> in\u00a0 England, ca. 100 km n\u00f6rdlich London.<\/p>\n\n\n\n<div class=\"wp-block-buttons is-content-justification-center is-layout-flex wp-container-core-buttons-is-layout-fe48e5de wp-block-buttons-is-layout-flex\">\n<div class=\"wp-block-button\"><a class=\"wp-block-button__link has-white-color has-vivid-cyan-blue-background-color has-text-color has-background\" href=\"https:\/\/www.youtube.com\/watch?v=sqWOmyXky-Y\">Trailer anschauen (YouTube)<\/a><\/div>\n<\/div>\n\n\n\n<p class=\"wp-block-paragraph\">Hier nun erste wichtige Infos:<\/p>\n\n\n\n<ul class=\"wp-block-list\"><li>Wir fahren <strong>wahrscheinlich am 30. Juli<\/strong> los, genauere Planungen f\u00fcr Hin- und R\u00fcckfahrt werden noch gemacht \u2013 h\u00f6chstwahrscheinlich mit dem Zug<\/li><li>Man braucht einen <mark style=\"background-color:rgba(0, 0, 0, 0)\" class=\"has-inline-color has-black-color\"><strong>Reisepass<\/strong><\/mark>! Ein Personalausweis reicht nicht!<\/li><li>Corona-Regeln sind noch zu unklar im Moment \u2013 es gibt Infos, sobald sie verl\u00e4sslich sind.<\/li><li>Der Teilnahmebeitrag wird bei <strong>um die 250 \u20ac<\/strong> liegen. Fahrtkosten sind noch nicht ganz klar. Wer weniger Geld hat, wird sicher unterst\u00fctzt, meldet euch einfach. Wir behandeln solche Anfragen auch sehr vertraulich.<\/li><li>Verantwortlich f\u00fcr S\u00fcdbayern sind Emma und Lana. Bei Fragen, Ideen einfach eine E-Mail an <a href=\"mailto:info@falken-muenchen.de\">info@falken-muenchen.de<\/a> schreiben oder an <a href=\"mailto:buero@falken-suedbayern.de\">buero@falken-suedbayern.de<\/a> oder per <a href=\"https:\/\/www.instagram.com\/falken.muenchen\/\">Instagram an falken.muenchen<\/a><\/li><li><strong>Voranmeldung<\/strong> ist bereits m\u00f6glich und erw\u00fcnscht, bitte mit Name, Alter, Nationalit\u00e4t (wegen Visum) und Impfstatus. Schreibt dazu einfach eine Mail mit diesem Button:<\/li><\/ul>\n\n\n\n<div class=\"wp-block-buttons is-content-justification-center is-layout-flex wp-container-core-buttons-is-layout-fe48e5de wp-block-buttons-is-layout-flex\">\n<div class=\"wp-block-button\"><a class=\"wp-block-button__link has-white-color has-vivid-cyan-blue-background-color has-text-color has-background\" href=\"mailto:info@falken-muenchen.de?cc=buero@falken-suedbayern.de&amp;subject=Voranmeldung%20IFM-Camp&amp;body=Person(en)%3A%20%0AGeburtsdatum%3A%0ANationalit%C3%A4t%3A%0ACorona-Impfstatus%3A%0AStra%C3%9Fe%2C%20Nr.%3A%0APLZ%2C%20Ort%3A%0ATelefon%3A%0Aggf.%20Erziehungsberechtigte(r)%3A%0AWeitere%20Anmerkungen%20und%20Fragen%3A\">F\u00fcrs IFM-Camp anmelden<\/a><\/div>\n<\/div>\n\n\n\n<p class=\"wp-block-paragraph\">Wir freuen uns schon riesig aufs IFM-Camp!<\/p>\n","protected":false},"excerpt":{"rendered":"<p>Von 29. Juli bis 8. August wird es dieses Jahr endlich stattfinden, das Camp Common Ground des International Falcon Movement (IFM). Gastgeberin ist die Organisation Woodcraft Folk, Ort die Kelmarsh Hall and Gardens in\u00a0 England, ca. 100 km n\u00f6rdlich London. Hier nun erste wichtige Infos: Wir fahren wahrscheinlich am 30. Juli los, genauere Planungen f\u00fcr Hin- und R\u00fcckfahrt werden noch gemacht \u2013 h\u00f6chstwahrscheinlich mit dem &hellip; <a href=\"https:\/\/www.falken-muenchen.de\/index.php\/2022\/01\/24\/infos-zum-ifm-camp\/\" class=\"more-link\">Continue reading <span class=\"screen-reader-text\">Infos zum IFM-Camp &#x1f3d5;&#xfe0f;<\/span> <span class=\"meta-nav\">&raquo;<\/span><\/a><\/p>\n","protected":false},"author":4,"featured_media":730,"comment_status":"closed","ping_status":"closed","sticky":false,"template":"","format":"standard","meta":{"_crdt_document":"","footnotes":""},"categories":[3,1],"tags":[12,19,15,17],"class_list":["post-729","post","type-post","status-publish","format-standard","has-post-thumbnail","hentry","category-aktuell","category-uncategorized","tag-internationalismus","tag-sommer","tag-treffen","tag-zeltlager"],"_links":{"self":[{"href":"https:\/\/www.falken-muenchen.de\/index.php\/wp-json\/wp\/v2\/posts\/729","targetHints":{"allow":["GET"]}}],"collection":[{"href":"https:\/\/www.falken-muenchen.de\/index.php\/wp-json\/wp\/v2\/posts"}],"about":[{"href":"https:\/\/www.falken-muenchen.de\/index.php\/wp-json\/wp\/v2\/types\/post"}],"author":[{"embeddable":true,"href":"https:\/\/www.falken-muenchen.de\/index.php\/wp-json\/wp\/v2\/users\/4"}],"replies":[{"embeddable":true,"href":"https:\/\/www.falken-muenchen.de\/index.php\/wp-json\/wp\/v2\/comments?post=729"}],"version-history":[{"count":5,"href":"https:\/\/www.falken-muenchen.de\/index.php\/wp-json\/wp\/v2\/posts\/729\/revisions"}],"predecessor-version":[{"id":745,"href":"https:\/\/www.falken-muenchen.de\/index.php\/wp-json\/wp\/v2\/posts\/729\/revisions\/745"}],"wp:featuredmedia":[{"embeddable":true,"href":"https:\/\/www.falken-muenchen.de\/index.php\/wp-json\/wp\/v2\/media\/730"}],"wp:attachment":[{"href":"https:\/\/www.falken-muenchen.de\/index.php\/wp-json\/wp\/v2\/media?parent=729"}],"wp:term":[{"taxonomy":"category","embeddable":true,"href":"https:\/\/www.falken-muenchen.de\/index.php\/wp-json\/wp\/v2\/categories?post=729"},{"taxonomy":"post_tag","embeddable":true,"href":"https:\/\/www.falken-muenchen.de\/index.php\/wp-json\/wp\/v2\/tags?post=729"}],"curies":[{"name":"wp","href":"https:\/\/api.w.org\/{rel}","templated":true}]}}