{"id":554,"date":"2019-04-11T08:00:14","date_gmt":"2019-04-11T08:00:14","guid":{"rendered":"https:\/\/www.falken-muenchen.de\/?p=554"},"modified":"2019-04-07T20:47:02","modified_gmt":"2019-04-07T20:47:02","slug":"antifaschismus-ist-notwendig-nicht-kriminell","status":"publish","type":"post","link":"https:\/\/www.falken-muenchen.de\/index.php\/2019\/04\/11\/antifaschismus-ist-notwendig-nicht-kriminell\/","title":{"rendered":"Antifaschismus ist notwendig, nicht kriminell!"},"content":{"rendered":"\n<p class=\"wp-block-paragraph\">Am 19. M\u00e4rz hat die AfD <a href=\"http:\/\/www1.bayern.landtag.de\/www\/ElanTextAblage_WP18\/Drucksachen\/Basisdrucksachen\/0000000500\/0000000618.pdf\">einen Antrag<\/a> gestellt, die Mittel des <a href=\"https:\/\/www.bjr.de\/\">BJR<\/a> um 2 Millionen \u20ac zu k\u00fcrzen. Viele werden sich fragen warum. Grund daf\u00fcr ist, dass unter anderem wir, also die Sozialistische Jugend Deutschlands \u2013 Die Falken, ein Mitgliedsverband sind, der sich entschieden gegen Rassismus und Nationalismus stellt.<\/p>\n\n\n\n<!--more-->\n\n\n\n<p class=\"wp-block-paragraph\">Auf die teilweise l\u00e4cherlichen, teilweise gef\u00e4hrlichen\nAnschuldigungen der AfD werden wir nicht weiter eingehen \u2013 ebenso,\nwie wir nicht mit AfD-Funktion\u00e4rinnen und Funktion\u00e4ren diskutieren\nwerden. Wer sich von Antifaschismus abgrenzt, wer von \u201eFaschismus\nvon links\u201c spricht, wer f\u00fcr den Einsatz einer bayerischen\nGrenzpolizei zum Schutz eines l\u00e4ngeren Grenzzaunes eintritt, wer\npluralistische Jugendverbandsarbeit als \u201esehr dunkle Ecke des\nHaushaltplans\u201c bezeichnet, entlarvt sich selbst.<\/p>\n\n\n\n<p class=\"wp-block-paragraph\">Die kruden Aussagen von Ferdinand Mang (AfD) k\u00f6nnten sprachlos machen, doch wir ziehen es vor, uns nicht kleinkriegen zu lassen und weiterhin gegen Rassismus und Faschismus, gegen die Aufr\u00fcstung von Polizei und Milit\u00e4r und f\u00fcr offene Grenzen einzustehen. Der BJR hat sich, als eine Lehre aus dem Faschismus, gegr\u00fcndet um eine Vielfalt an Jugendverb\u00e4nden zu erm\u00f6glichen und eine Gleichschaltung der Jugendarbeit zu verhindern. Gerade auch deshalb <a href=\"https:\/\/www.br.de\/nachrichten\/bayern\/scharfe-kritik-von-allianz-gegen-rechtsextremismus-an-afd-antrag,RLvjn1T\">stehen die Jugendverb\u00e4nde<\/a> bei diesem Angriff seitens der AfD <a href=\"https:\/\/bayern.dgb.de\/presse\/++co++9bc0a618-4faa-11e9-b924-52540088cada\">solidarisch zueinander<\/a>.<\/p>\n\n\n\n<p class=\"wp-block-paragraph\">In dem Bewusstsein, dass es der AfD nicht um einen einzelnen Jugendverband geht sondern um das Konzept einer vielf\u00e4ltigen, weltoffenen Jugendarbeit. Folgerichtig sieht der BJR es deshalb auch als seine Aufgabe \u201eeinem Aufleben militaristischer, nationalistischer, rassistischer und totalit\u00e4rer Tendenzen entgegenzuwirken.\u201c Es ist also kein Wunder, dass die AfD ein Problem mit der Ausrichtung des BJR hat. Tatsache ist: <strong>\u201eAntifa\u201c, also Antifaschismus bleibt gerade auch wegen der Vorw\u00fcrfe der AfD notwendig, nicht kriminell!<\/strong><\/p>\n","protected":false},"excerpt":{"rendered":"<p>Am 19. M\u00e4rz hat die AfD einen Antrag gestellt, die Mittel des BJR um 2 Millionen \u20ac zu k\u00fcrzen. Viele werden sich fragen warum. Grund daf\u00fcr ist, dass unter anderem wir, also die Sozialistische Jugend Deutschlands \u2013 Die Falken, ein Mitgliedsverband sind, der sich entschieden gegen Rassismus und Nationalismus stellt.<\/p>\n","protected":false},"author":1,"featured_media":0,"comment_status":"closed","ping_status":"closed","sticky":false,"template":"","format":"standard","meta":{"_crdt_document":"","footnotes":""},"categories":[3,1],"tags":[46,45,43,44],"class_list":["post-554","post","type-post","status-publish","format-standard","hentry","category-aktuell","category-uncategorized","tag-afd","tag-antifaschismus","tag-jugendarbeit","tag-jugendring"],"_links":{"self":[{"href":"https:\/\/www.falken-muenchen.de\/index.php\/wp-json\/wp\/v2\/posts\/554","targetHints":{"allow":["GET"]}}],"collection":[{"href":"https:\/\/www.falken-muenchen.de\/index.php\/wp-json\/wp\/v2\/posts"}],"about":[{"href":"https:\/\/www.falken-muenchen.de\/index.php\/wp-json\/wp\/v2\/types\/post"}],"author":[{"embeddable":true,"href":"https:\/\/www.falken-muenchen.de\/index.php\/wp-json\/wp\/v2\/users\/1"}],"replies":[{"embeddable":true,"href":"https:\/\/www.falken-muenchen.de\/index.php\/wp-json\/wp\/v2\/comments?post=554"}],"version-history":[{"count":1,"href":"https:\/\/www.falken-muenchen.de\/index.php\/wp-json\/wp\/v2\/posts\/554\/revisions"}],"predecessor-version":[{"id":555,"href":"https:\/\/www.falken-muenchen.de\/index.php\/wp-json\/wp\/v2\/posts\/554\/revisions\/555"}],"wp:attachment":[{"href":"https:\/\/www.falken-muenchen.de\/index.php\/wp-json\/wp\/v2\/media?parent=554"}],"wp:term":[{"taxonomy":"category","embeddable":true,"href":"https:\/\/www.falken-muenchen.de\/index.php\/wp-json\/wp\/v2\/categories?post=554"},{"taxonomy":"post_tag","embeddable":true,"href":"https:\/\/www.falken-muenchen.de\/index.php\/wp-json\/wp\/v2\/tags?post=554"}],"curies":[{"name":"wp","href":"https:\/\/api.w.org\/{rel}","templated":true}]}}