{"id":456,"date":"2017-09-20T20:07:03","date_gmt":"2017-09-20T20:07:03","guid":{"rendered":"http:\/\/www.falken-muenchen.de\/?p=456"},"modified":"2017-09-20T20:07:03","modified_gmt":"2017-09-20T20:07:03","slug":"herbstfreizeit-27-31-oktober-2017","status":"publish","type":"post","link":"https:\/\/www.falken-muenchen.de\/index.php\/2017\/09\/20\/herbstfreizeit-27-31-oktober-2017\/","title":{"rendered":"Herbstfreizeit: 27. \u2013 31. Oktober 2017"},"content":{"rendered":"<h3><a href=\"http:\/\/www.falken-muenchen.de\/wp-content\/uploads\/2017\/09\/lasst-den-krieg.jpg\"><img loading=\"lazy\" decoding=\"async\" class=\" wp-image-457 alignright\" src=\"http:\/\/www.falken-muenchen.de\/wp-content\/uploads\/2017\/09\/lasst-den-krieg-274x300.jpg\" alt=\"Lasst den Krieg\" width=\"219\" height=\"240\" srcset=\"https:\/\/www.falken-muenchen.de\/wp-content\/uploads\/2017\/09\/lasst-den-krieg-274x300.jpg 274w, https:\/\/www.falken-muenchen.de\/wp-content\/uploads\/2017\/09\/lasst-den-krieg.jpg 572w\" sizes=\"auto, (max-width: 219px) 100vw, 219px\" \/><\/a>Kurt-L\u00f6wenstein-Haus, Schwangau<br \/>\nvon 6 \u2013 14 Jahre<\/h3>\n<p>Wir Falken fahren \u00fcber Halloween nach Schwangau in unser Falkenhaus, welches einige von euch schon aus dem letzten Sommerzeltlager kennen:<\/p>\n<div id=\"attachment_460\" style=\"width: 160px\" class=\"wp-caption alignleft\"><a href=\"http:\/\/www.falken-muenchen.de\/wp-content\/uploads\/2017\/09\/HFZ2017_AusschreibungI.png\"><img loading=\"lazy\" decoding=\"async\" aria-describedby=\"caption-attachment-460\" class=\"size-thumbnail wp-image-460\" src=\"http:\/\/www.falken-muenchen.de\/wp-content\/uploads\/2017\/09\/HFZ2017_AusschreibungI-150x150.png\" alt=\"\" width=\"150\" height=\"150\" srcset=\"https:\/\/www.falken-muenchen.de\/wp-content\/uploads\/2017\/09\/HFZ2017_AusschreibungI-150x150.png 150w, https:\/\/www.falken-muenchen.de\/wp-content\/uploads\/2017\/09\/HFZ2017_AusschreibungI-300x300.png 300w, https:\/\/www.falken-muenchen.de\/wp-content\/uploads\/2017\/09\/HFZ2017_AusschreibungI-100x100.png 100w\" sizes=\"auto, (max-width: 150px) 100vw, 150px\" \/><\/a><p id=\"caption-attachment-460\" class=\"wp-caption-text\">Innenseite der Ausschreibung<\/p><\/div>\n<div id=\"attachment_459\" style=\"width: 160px\" class=\"wp-caption alignleft\"><a href=\"http:\/\/www.falken-muenchen.de\/wp-content\/uploads\/2017\/09\/HFZ2017_AusschreibungA.png\"><img loading=\"lazy\" decoding=\"async\" aria-describedby=\"caption-attachment-459\" class=\"size-thumbnail wp-image-459\" src=\"http:\/\/www.falken-muenchen.de\/wp-content\/uploads\/2017\/09\/HFZ2017_AusschreibungA-150x150.png\" alt=\"\" width=\"150\" height=\"150\" srcset=\"https:\/\/www.falken-muenchen.de\/wp-content\/uploads\/2017\/09\/HFZ2017_AusschreibungA-150x150.png 150w, https:\/\/www.falken-muenchen.de\/wp-content\/uploads\/2017\/09\/HFZ2017_AusschreibungA-300x300.png 300w, https:\/\/www.falken-muenchen.de\/wp-content\/uploads\/2017\/09\/HFZ2017_AusschreibungA-100x100.png 100w\" sizes=\"auto, (max-width: 150px) 100vw, 150px\" \/><\/a><p id=\"caption-attachment-459\" class=\"wp-caption-text\">Au\u00dfenseite der Ausschreibung<\/p><\/div>\n<p>W\u00e4hrend des Zeltlagers hat auch eine Demo durch F\u00fcssen stattgefunden, bei der wir folgendes laut und deutlich klar gemacht haben:<\/p>\n<blockquote><p><!--more-->\u201eWir unterscheiden nicht, ob ein Kind eine Behinderung hat und aus welchem Land es kommt. Wir wollen alle! Wir wollen zusammen lernen und verstehen, warum es Kriege gibt. \u201eDazu bist du noch zu klein\u201c gibt es bei uns Falken nicht.<br \/>\nAuf unserem Zeltlager haben wir Freir\u00e4ume. Das reicht uns aber nicht: Wir wollen die Freir\u00e4ume nicht nur 2 Wochen im Jahr, sondern immer und \u00fcberall. Wir wollen, dass alle Kinder und Menschen in Frieden und Freundschaft leben.\u201c<\/p><\/blockquote>\n<p>Wenn Du das auch willst: komm mit zur Herbstfreizeit und \u00fcberleg mit uns, wie wir die Welt besser machen k\u00f6nnen!<\/p>\n","protected":false},"excerpt":{"rendered":"<p>Kurt-L\u00f6wenstein-Haus, Schwangau von 6 \u2013 14 Jahre Wir Falken fahren \u00fcber Halloween nach Schwangau in unser Falkenhaus, welches einige von euch schon aus dem letzten Sommerzeltlager kennen: W\u00e4hrend des Zeltlagers hat auch eine Demo durch F\u00fcssen stattgefunden, bei der wir folgendes laut und deutlich klar gemacht haben:<\/p>\n","protected":false},"author":1,"featured_media":457,"comment_status":"closed","ping_status":"closed","sticky":false,"template":"","format":"standard","meta":{"_crdt_document":"","footnotes":""},"categories":[1],"tags":[24,23,18,11,26,25],"class_list":["post-456","post","type-post","status-publish","format-standard","has-post-thumbnail","hentry","category-uncategorized","tag-ferien","tag-freiraum","tag-freizeit","tag-freundschaft","tag-frieden","tag-krieg"],"_links":{"self":[{"href":"https:\/\/www.falken-muenchen.de\/index.php\/wp-json\/wp\/v2\/posts\/456","targetHints":{"allow":["GET"]}}],"collection":[{"href":"https:\/\/www.falken-muenchen.de\/index.php\/wp-json\/wp\/v2\/posts"}],"about":[{"href":"https:\/\/www.falken-muenchen.de\/index.php\/wp-json\/wp\/v2\/types\/post"}],"author":[{"embeddable":true,"href":"https:\/\/www.falken-muenchen.de\/index.php\/wp-json\/wp\/v2\/users\/1"}],"replies":[{"embeddable":true,"href":"https:\/\/www.falken-muenchen.de\/index.php\/wp-json\/wp\/v2\/comments?post=456"}],"version-history":[{"count":2,"href":"https:\/\/www.falken-muenchen.de\/index.php\/wp-json\/wp\/v2\/posts\/456\/revisions"}],"predecessor-version":[{"id":462,"href":"https:\/\/www.falken-muenchen.de\/index.php\/wp-json\/wp\/v2\/posts\/456\/revisions\/462"}],"wp:featuredmedia":[{"embeddable":true,"href":"https:\/\/www.falken-muenchen.de\/index.php\/wp-json\/wp\/v2\/media\/457"}],"wp:attachment":[{"href":"https:\/\/www.falken-muenchen.de\/index.php\/wp-json\/wp\/v2\/media?parent=456"}],"wp:term":[{"taxonomy":"category","embeddable":true,"href":"https:\/\/www.falken-muenchen.de\/index.php\/wp-json\/wp\/v2\/categories?post=456"},{"taxonomy":"post_tag","embeddable":true,"href":"https:\/\/www.falken-muenchen.de\/index.php\/wp-json\/wp\/v2\/tags?post=456"}],"curies":[{"name":"wp","href":"https:\/\/api.w.org\/{rel}","templated":true}]}}