{"id":334,"date":"2015-07-23T07:49:03","date_gmt":"2015-07-23T07:49:03","guid":{"rendered":"http:\/\/neueseite.falken-muenchen.de\/?p=334"},"modified":"2015-09-11T09:05:24","modified_gmt":"2015-09-11T09:05:24","slug":"platz-da","status":"publish","type":"post","link":"https:\/\/www.falken-muenchen.de\/index.php\/2015\/07\/23\/platz-da\/","title":{"rendered":"Platz da!"},"content":{"rendered":"<p><a href=\"http:\/\/neueseite.falken-muenchen.de\/wp-content\/uploads\/2015\/07\/platzda.jpg\" target=\"_blank\"><img loading=\"lazy\" decoding=\"async\" class=\"rahmen alignleft wp-image-333 size-medium\" title=\"Plakat Platz da!\" src=\"http:\/\/www.falken-muenchen.de\/wp-content\/uploads\/2015\/07\/platzda-212x300.jpg\" alt=\"Platz da! Mia san ned nur mia!  Keine Abschiebelager! Seehofer, Scheuer, S\u00f6der und Herrmann \u2013 h\u00f6rt auf zu z\u00fcndeln!  Kundgebung am Montag den 27.7.2015 um 18.00 Uhr auf dem Max-Joseph-Platz in M\u00fcnchen.\" width=\"212\" height=\"300\" srcset=\"https:\/\/www.falken-muenchen.de\/wp-content\/uploads\/2015\/07\/platzda-212x300.jpg 212w, https:\/\/www.falken-muenchen.de\/wp-content\/uploads\/2015\/07\/platzda.jpg 566w\" sizes=\"auto, (max-width: 212px) 100vw, 212px\" \/><\/a>Informationen zur Kundgebung findet Ihr <a href=\"https:\/\/www.facebook.com\/events\/1188017444557610\/\" target=\"_blank\">auf der fb-Seite <\/a>und bei <a href=\"http:\/\/bellevuedimonaco.de\/\" target=\"_blank\">http:\/\/bellevuedimonaco.de\/<\/a><\/p>\n","protected":false},"excerpt":{"rendered":"<p>Informationen zur Kundgebung findet Ihr auf der fb-Seite und bei http:\/\/bellevuedimonaco.de\/<\/p>\n","protected":false},"author":1,"featured_media":0,"comment_status":"closed","ping_status":"closed","sticky":false,"template":"","format":"standard","meta":{"_crdt_document":"","footnotes":""},"categories":[3],"tags":[],"class_list":["post-334","post","type-post","status-publish","format-standard","hentry","category-aktuell"],"_links":{"self":[{"href":"https:\/\/www.falken-muenchen.de\/index.php\/wp-json\/wp\/v2\/posts\/334","targetHints":{"allow":["GET"]}}],"collection":[{"href":"https:\/\/www.falken-muenchen.de\/index.php\/wp-json\/wp\/v2\/posts"}],"about":[{"href":"https:\/\/www.falken-muenchen.de\/index.php\/wp-json\/wp\/v2\/types\/post"}],"author":[{"embeddable":true,"href":"https:\/\/www.falken-muenchen.de\/index.php\/wp-json\/wp\/v2\/users\/1"}],"replies":[{"embeddable":true,"href":"https:\/\/www.falken-muenchen.de\/index.php\/wp-json\/wp\/v2\/comments?post=334"}],"version-history":[{"count":10,"href":"https:\/\/www.falken-muenchen.de\/index.php\/wp-json\/wp\/v2\/posts\/334\/revisions"}],"predecessor-version":[{"id":362,"href":"https:\/\/www.falken-muenchen.de\/index.php\/wp-json\/wp\/v2\/posts\/334\/revisions\/362"}],"wp:attachment":[{"href":"https:\/\/www.falken-muenchen.de\/index.php\/wp-json\/wp\/v2\/media?parent=334"}],"wp:term":[{"taxonomy":"category","embeddable":true,"href":"https:\/\/www.falken-muenchen.de\/index.php\/wp-json\/wp\/v2\/categories?post=334"},{"taxonomy":"post_tag","embeddable":true,"href":"https:\/\/www.falken-muenchen.de\/index.php\/wp-json\/wp\/v2\/tags?post=334"}],"curies":[{"name":"wp","href":"https:\/\/api.w.org\/{rel}","templated":true}]}}