{"id":229,"date":"2012-02-22T10:57:47","date_gmt":"2012-02-22T10:57:47","guid":{"rendered":"http:\/\/neueseite.falken-muenchen.de\/?p=229"},"modified":"2015-05-17T14:42:55","modified_gmt":"2015-05-17T14:42:55","slug":"jahresauftakt-2012","status":"publish","type":"post","link":"https:\/\/www.falken-muenchen.de\/index.php\/2012\/02\/22\/jahresauftakt-2012\/","title":{"rendered":"Jahresauftakt 2012"},"content":{"rendered":"<p>Auf den Spuren der Nazizeit in M\u00fcnchen<\/p>\n<p>Am 22. Januar besuchten etwa 20 Kinder und Jugendliche Orte, die noch heute an die Zeit der nationalsozialistischen Diktatur in M\u00fcnchen erinnern. Start war am Hauptbahnhof mit einer Einstimmung.<\/p>\n<ul class=\"small-block-grid-1 medium-block-grid-2 large-block-grid-2 block-grid-in-column\">\n<li><img loading=\"lazy\" decoding=\"async\" width=\"300\" height=\"225\" class=\"  wp-image-233 alignleft\" src=\"http:\/\/neueseite.falken-muenchen.de\/wp-content\/uploads\/2012\/02\/hauptbahnhof2-300x225.jpg\" alt=\"Hauptbahnhof\" title=\"Hauptbahnhof\" srcset=\"https:\/\/www.falken-muenchen.de\/wp-content\/uploads\/2012\/02\/hauptbahnhof2-300x225.jpg 300w, https:\/\/www.falken-muenchen.de\/wp-content\/uploads\/2012\/02\/hauptbahnhof2-600x450.jpg 600w, https:\/\/www.falken-muenchen.de\/wp-content\/uploads\/2012\/02\/hauptbahnhof2-1024x768.jpg 1024w, https:\/\/www.falken-muenchen.de\/wp-content\/uploads\/2012\/02\/hauptbahnhof2-685x514.jpg 685w\" sizes=\"auto, (max-width: 300px) 100vw, 300px\" \/><\/li>\n<li>Die Bahn hatte gro\u00dfe Bedeutung f\u00fcr die Nazis: Sie transportierte Soldaten und Waffen an die Fronten im 2. Weltkrieg und schaffte die Reicht\u00fcmer der \u00fcberfallenen L\u00e4nder nach Deutschland. Au\u00dferdem \u00fcbernahm sie eine grausame Rolle beim Transport von Juden in die Konzentrationslager.\n<\/li>\n<\/ul>\n<p>Die n\u00e4chste Station war der K\u00f6nigsplatz. Hier stehen noch die Fundamente der so genannten Ehrentempel, das NSDAP-Geb\u00e4ude und der F\u00fchrerbau, in dem Adolf Hitler residierte. Wir konnten die heutige Situation mit Bildern aus den 30er Jahren des 20. Jahrhunderts vergleichen und erfuhren, welche Bedeutung die Geb\u00e4ude f\u00fcr die Nazis hatten.<\/p>\n<ul class=\"small-block-grid-1 medium-block-grid-2 large-block-grid-3 block-grid-in-column\">\n<li><img loading=\"lazy\" decoding=\"async\" width=\"300\" height=\"225\" class=\"  wp-image-236 alignleft\" src=\"http:\/\/neueseite.falken-muenchen.de\/wp-content\/uploads\/2012\/02\/koenigsplatz-ehrentempel3-300x225.jpg\" alt=\"K\u00f6ngisplatz Ehrentempel\" title=\"K\u00f6nigsplatz Ehrentempel\" srcset=\"https:\/\/www.falken-muenchen.de\/wp-content\/uploads\/2012\/02\/koenigsplatz-ehrentempel3-300x225.jpg 300w, https:\/\/www.falken-muenchen.de\/wp-content\/uploads\/2012\/02\/koenigsplatz-ehrentempel3-600x450.jpg 600w, https:\/\/www.falken-muenchen.de\/wp-content\/uploads\/2012\/02\/koenigsplatz-ehrentempel3-1024x768.jpg 1024w, https:\/\/www.falken-muenchen.de\/wp-content\/uploads\/2012\/02\/koenigsplatz-ehrentempel3-685x514.jpg 685w\" sizes=\"auto, (max-width: 300px) 100vw, 300px\" \/><\/li>\n<li><img loading=\"lazy\" decoding=\"async\" width=\"300\" height=\"225\" class=\"  alignleft wp-image-237\" src=\"http:\/\/neueseite.falken-muenchen.de\/wp-content\/uploads\/2012\/02\/koenigsplatz-ehrentempel5-300x225.jpg\" alt=\"K\u00f6ngisplatz Ehrentempel\" title=\"K\u00f6nigsplatz Ehrentempel\" srcset=\"https:\/\/www.falken-muenchen.de\/wp-content\/uploads\/2012\/02\/koenigsplatz-ehrentempel5-300x225.jpg 300w, https:\/\/www.falken-muenchen.de\/wp-content\/uploads\/2012\/02\/koenigsplatz-ehrentempel5-600x450.jpg 600w, https:\/\/www.falken-muenchen.de\/wp-content\/uploads\/2012\/02\/koenigsplatz-ehrentempel5-1024x768.jpg 1024w, https:\/\/www.falken-muenchen.de\/wp-content\/uploads\/2012\/02\/koenigsplatz-ehrentempel5-685x514.jpg 685w\" sizes=\"auto, (max-width: 300px) 100vw, 300px\" \/><\/li>\n<li><img loading=\"lazy\" decoding=\"async\" width=\"300\" height=\"225\" class=\"  wp-image-238 alignleft\" src=\"http:\/\/neueseite.falken-muenchen.de\/wp-content\/uploads\/2012\/02\/koenigsplatz-propylen2-300x225.jpg\" alt=\"K\u00f6nigsplatz Propylen\" title=\"K\u00f6nigsplatz Propylen\" srcset=\"https:\/\/www.falken-muenchen.de\/wp-content\/uploads\/2012\/02\/koenigsplatz-propylen2-300x225.jpg 300w, https:\/\/www.falken-muenchen.de\/wp-content\/uploads\/2012\/02\/koenigsplatz-propylen2-600x450.jpg 600w, https:\/\/www.falken-muenchen.de\/wp-content\/uploads\/2012\/02\/koenigsplatz-propylen2-1024x768.jpg 1024w, https:\/\/www.falken-muenchen.de\/wp-content\/uploads\/2012\/02\/koenigsplatz-propylen2-685x514.jpg 685w\" sizes=\"auto, (max-width: 300px) 100vw, 300px\" \/><\/li>\n<\/ul>\n<p>Am Platz der Opfer des Nationalsozialismus erhielt die Gruppe Informationen \u00fcber die Verfolgten des Naziregimes. Au\u00dfer Juden, Sinti und Roma, Homosexuelle und Behinderte waren auch Kriegsgefangene, Sozialisten und Kommunisten sowie Zeugen Jehovas darunter.<\/p>\n<ul class=\"small-block-grid-1 medium-block-grid-2 large-block-grid-2 block-grid-in-column\">\n<li><img loading=\"lazy\" decoding=\"async\" width=\"300\" height=\"225\" class=\"alignnone size-medium wp-image-267\" src=\"http:\/\/neueseite.falken-muenchen.de\/wp-content\/uploads\/2012\/02\/platzderopferdesns1-300x225.jpg\" alt=\"Platz der Opfer des Natzionalsozialismus\" title=\"Platz der Opfer des Nationalsozialismus\" srcset=\"https:\/\/www.falken-muenchen.de\/wp-content\/uploads\/2012\/02\/platzderopferdesns1-300x225.jpg 300w, https:\/\/www.falken-muenchen.de\/wp-content\/uploads\/2012\/02\/platzderopferdesns1-600x450.jpg 600w, https:\/\/www.falken-muenchen.de\/wp-content\/uploads\/2012\/02\/platzderopferdesns1-1024x768.jpg 1024w, https:\/\/www.falken-muenchen.de\/wp-content\/uploads\/2012\/02\/platzderopferdesns1-685x514.jpg 685w\" sizes=\"auto, (max-width: 300px) 100vw, 300px\" \/><\/li>\n<li><img loading=\"lazy\" decoding=\"async\" width=\"300\" height=\"225\" class=\"alignnone size-medium wp-image-268\" src=\"http:\/\/neueseite.falken-muenchen.de\/wp-content\/uploads\/2012\/02\/platzderopferdesns3-300x225.jpg\" alt=\"Platz der Opfer des Natzionalsozialismus\" title=\"Platz der Opfer des Nationalsozialismus\" srcset=\"https:\/\/www.falken-muenchen.de\/wp-content\/uploads\/2012\/02\/platzderopferdesns3-300x225.jpg 300w, https:\/\/www.falken-muenchen.de\/wp-content\/uploads\/2012\/02\/platzderopferdesns3-600x450.jpg 600w, https:\/\/www.falken-muenchen.de\/wp-content\/uploads\/2012\/02\/platzderopferdesns3-1024x768.jpg 1024w, https:\/\/www.falken-muenchen.de\/wp-content\/uploads\/2012\/02\/platzderopferdesns3-685x514.jpg 685w\" sizes=\"auto, (max-width: 300px) 100vw, 300px\" \/><\/li>\n<\/ul>\n<p>Weitere Stationen waren die Feldherrnhalle, an der im Jahr 1923 ein Putschversuch der Nazis verhindert worden war und das Denkmal des Widerstands im Hofgarten.<\/p>\n<p>F\u00fcr uns war dieser Spaziergang der Auftakt zu unserem Jahresthema \u201eFaschismus und Rassismus\u201c.<\/p>\n<p><!--Alle Bilder findet ihr auch in unserer <a href=\"bilder\/category\/5-jahresauftakt2012\">Fotogalerie<\/a>.--><\/p>\n<p>&nbsp;<\/p>\n","protected":false},"excerpt":{"rendered":"<p>Auf den Spuren der Nazizeit in M\u00fcnchen Am 22. Januar besuchten etwa 20 Kinder und Jugendliche Orte, die noch heute an die Zeit der nationalsozialistischen Diktatur in M\u00fcnchen erinnern. Start war am Hauptbahnhof mit einer Einstimmung. Die Bahn hatte gro\u00dfe Bedeutung f\u00fcr die Nazis: Sie transportierte Soldaten und Waffen an die Fronten im 2. Weltkrieg und schaffte die Reicht\u00fcmer der \u00fcberfallenen L\u00e4nder nach Deutschland. Au\u00dferdem &hellip; <a href=\"https:\/\/www.falken-muenchen.de\/index.php\/2012\/02\/22\/jahresauftakt-2012\/\" class=\"more-link\">Continue reading <span class=\"screen-reader-text\">Jahresauftakt 2012<\/span> <span class=\"meta-nav\">&raquo;<\/span><\/a><\/p>\n","protected":false},"author":1,"featured_media":0,"comment_status":"closed","ping_status":"closed","sticky":false,"template":"","format":"standard","meta":{"_crdt_document":"","footnotes":""},"categories":[3],"tags":[],"class_list":["post-229","post","type-post","status-publish","format-standard","hentry","category-aktuell"],"_links":{"self":[{"href":"https:\/\/www.falken-muenchen.de\/index.php\/wp-json\/wp\/v2\/posts\/229","targetHints":{"allow":["GET"]}}],"collection":[{"href":"https:\/\/www.falken-muenchen.de\/index.php\/wp-json\/wp\/v2\/posts"}],"about":[{"href":"https:\/\/www.falken-muenchen.de\/index.php\/wp-json\/wp\/v2\/types\/post"}],"author":[{"embeddable":true,"href":"https:\/\/www.falken-muenchen.de\/index.php\/wp-json\/wp\/v2\/users\/1"}],"replies":[{"embeddable":true,"href":"https:\/\/www.falken-muenchen.de\/index.php\/wp-json\/wp\/v2\/comments?post=229"}],"version-history":[{"count":33,"href":"https:\/\/www.falken-muenchen.de\/index.php\/wp-json\/wp\/v2\/posts\/229\/revisions"}],"predecessor-version":[{"id":277,"href":"https:\/\/www.falken-muenchen.de\/index.php\/wp-json\/wp\/v2\/posts\/229\/revisions\/277"}],"wp:attachment":[{"href":"https:\/\/www.falken-muenchen.de\/index.php\/wp-json\/wp\/v2\/media?parent=229"}],"wp:term":[{"taxonomy":"category","embeddable":true,"href":"https:\/\/www.falken-muenchen.de\/index.php\/wp-json\/wp\/v2\/categories?post=229"},{"taxonomy":"post_tag","embeddable":true,"href":"https:\/\/www.falken-muenchen.de\/index.php\/wp-json\/wp\/v2\/tags?post=229"}],"curies":[{"name":"wp","href":"https:\/\/api.w.org\/{rel}","templated":true}]}}