{"id":219,"date":"2012-04-25T12:56:47","date_gmt":"2012-04-25T12:56:47","guid":{"rendered":"http:\/\/neueseite.falken-muenchen.de\/?p=219"},"modified":"2015-05-17T10:44:48","modified_gmt":"2015-05-17T10:44:48","slug":"vielfaltkongress-2012","status":"publish","type":"post","link":"https:\/\/www.falken-muenchen.de\/index.php\/2012\/04\/25\/vielfaltkongress-2012\/","title":{"rendered":"Vielfaltkongress 2012"},"content":{"rendered":"<p>Der p\u00e4dagogische Kongress in diesem Jahr, unter dem Motto Vielfalt-Kongress 2012:<\/p>\n<p>&#8222;Herrschaft bek\u00e4mpfen &#8211; Befreiung leben!&#8220; geht in die hei\u00dfe Phase.<\/p>\n<p>Unseren offiziellen Clip dazu findet ihr hier:<\/p>\n<p><iframe loading=\"lazy\" width=\"800\" height=\"450\" src=\"https:\/\/www.youtube.com\/embed\/_zFGLtyiaUk?feature=oembed\" frameborder=\"0\" allow=\"autoplay; encrypted-media\" allowfullscreen><\/iframe><\/p>\n<p>Weitere Infos zum Kongress findet ihr ab heute auch unter <a href=\"http:\/\/www.wir-falken.de\/aktuelles\/meldungen\/5591290.html\" target=\"_blank\">http:\/\/www.wir-falken.de\/aktuelles\/meldungen\/5591290.html<\/a><\/p>\n","protected":false},"excerpt":{"rendered":"<p>Der p\u00e4dagogische Kongress in diesem Jahr, unter dem Motto Vielfalt-Kongress 2012: &#8222;Herrschaft bek\u00e4mpfen &#8211; Befreiung leben!&#8220; geht in die hei\u00dfe Phase. Unseren offiziellen Clip dazu findet ihr hier: Weitere Infos zum Kongress findet ihr ab heute auch unter http:\/\/www.wir-falken.de\/aktuelles\/meldungen\/5591290.html<\/p>\n","protected":false},"author":1,"featured_media":0,"comment_status":"closed","ping_status":"closed","sticky":false,"template":"","format":"video","meta":{"_crdt_document":"","footnotes":""},"categories":[3],"tags":[],"class_list":["post-219","post","type-post","status-publish","format-video","hentry","category-aktuell","post_format-post-format-video"],"_links":{"self":[{"href":"https:\/\/www.falken-muenchen.de\/index.php\/wp-json\/wp\/v2\/posts\/219","targetHints":{"allow":["GET"]}}],"collection":[{"href":"https:\/\/www.falken-muenchen.de\/index.php\/wp-json\/wp\/v2\/posts"}],"about":[{"href":"https:\/\/www.falken-muenchen.de\/index.php\/wp-json\/wp\/v2\/types\/post"}],"author":[{"embeddable":true,"href":"https:\/\/www.falken-muenchen.de\/index.php\/wp-json\/wp\/v2\/users\/1"}],"replies":[{"embeddable":true,"href":"https:\/\/www.falken-muenchen.de\/index.php\/wp-json\/wp\/v2\/comments?post=219"}],"version-history":[{"count":6,"href":"https:\/\/www.falken-muenchen.de\/index.php\/wp-json\/wp\/v2\/posts\/219\/revisions"}],"predecessor-version":[{"id":225,"href":"https:\/\/www.falken-muenchen.de\/index.php\/wp-json\/wp\/v2\/posts\/219\/revisions\/225"}],"wp:attachment":[{"href":"https:\/\/www.falken-muenchen.de\/index.php\/wp-json\/wp\/v2\/media?parent=219"}],"wp:term":[{"taxonomy":"category","embeddable":true,"href":"https:\/\/www.falken-muenchen.de\/index.php\/wp-json\/wp\/v2\/categories?post=219"},{"taxonomy":"post_tag","embeddable":true,"href":"https:\/\/www.falken-muenchen.de\/index.php\/wp-json\/wp\/v2\/tags?post=219"}],"curies":[{"name":"wp","href":"https:\/\/api.w.org\/{rel}","templated":true}]}}