{"id":208,"date":"2012-08-29T12:34:51","date_gmt":"2012-08-29T12:34:51","guid":{"rendered":"http:\/\/neueseite.falken-muenchen.de\/?p=208"},"modified":"2015-05-16T12:37:23","modified_gmt":"2015-05-16T12:37:23","slug":"isarinselfest-2012","status":"publish","type":"post","link":"https:\/\/www.falken-muenchen.de\/index.php\/2012\/08\/29\/isarinselfest-2012\/","title":{"rendered":"Isarinselfest 2012"},"content":{"rendered":"<p>Ohren und Augen auf, vom 31.08. &#8211; 02.09.2012 findet zum dritten Mal wieder das Isarinselfest statt. Das Gel\u00e4nde rund um die Praterinsel, zwischen der Ludwigs- und Maximilianbr\u00fccke verwandelt sich wieder zu einer fr\u00f6hlichen Festmeile mit mehreren B\u00fchnen und Aktionen. Und wie soll es anders sein? Die FALKEN mittendrin! Wir freuen uns auf euren Besuch und haben wieder viele tolle Aktionen f\u00fcr Gro\u00df und Klein geplant.<\/p>\n<p>Das Programm k\u00f6nnt ihr <a href=\"http:\/\/www.isarinselfest.de\/wp-content\/uploads\/IIF_Programmheft_2012_WEB.pdf\" target=\"_blank\">hier<\/a> runterladen.<\/p>\n","protected":false},"excerpt":{"rendered":"<p>Ohren und Augen auf, vom 31.08. &#8211; 02.09.2012 findet zum dritten Mal wieder das Isarinselfest statt. Das Gel\u00e4nde rund um die Praterinsel, zwischen der Ludwigs- und Maximilianbr\u00fccke verwandelt sich wieder zu einer fr\u00f6hlichen Festmeile mit mehreren B\u00fchnen und Aktionen. Und wie soll es anders sein? Die FALKEN mittendrin! Wir freuen uns auf euren Besuch und haben wieder viele tolle Aktionen f\u00fcr Gro\u00df und Klein geplant. &hellip; <a href=\"https:\/\/www.falken-muenchen.de\/index.php\/2012\/08\/29\/isarinselfest-2012\/\" class=\"more-link\">Continue reading <span class=\"screen-reader-text\">Isarinselfest 2012<\/span> <span class=\"meta-nav\">&raquo;<\/span><\/a><\/p>\n","protected":false},"author":1,"featured_media":0,"comment_status":"closed","ping_status":"closed","sticky":false,"template":"","format":"standard","meta":{"_crdt_document":"","footnotes":""},"categories":[3],"tags":[],"class_list":["post-208","post","type-post","status-publish","format-standard","hentry","category-aktuell"],"_links":{"self":[{"href":"https:\/\/www.falken-muenchen.de\/index.php\/wp-json\/wp\/v2\/posts\/208","targetHints":{"allow":["GET"]}}],"collection":[{"href":"https:\/\/www.falken-muenchen.de\/index.php\/wp-json\/wp\/v2\/posts"}],"about":[{"href":"https:\/\/www.falken-muenchen.de\/index.php\/wp-json\/wp\/v2\/types\/post"}],"author":[{"embeddable":true,"href":"https:\/\/www.falken-muenchen.de\/index.php\/wp-json\/wp\/v2\/users\/1"}],"replies":[{"embeddable":true,"href":"https:\/\/www.falken-muenchen.de\/index.php\/wp-json\/wp\/v2\/comments?post=208"}],"version-history":[{"count":2,"href":"https:\/\/www.falken-muenchen.de\/index.php\/wp-json\/wp\/v2\/posts\/208\/revisions"}],"predecessor-version":[{"id":210,"href":"https:\/\/www.falken-muenchen.de\/index.php\/wp-json\/wp\/v2\/posts\/208\/revisions\/210"}],"wp:attachment":[{"href":"https:\/\/www.falken-muenchen.de\/index.php\/wp-json\/wp\/v2\/media?parent=208"}],"wp:term":[{"taxonomy":"category","embeddable":true,"href":"https:\/\/www.falken-muenchen.de\/index.php\/wp-json\/wp\/v2\/categories?post=208"},{"taxonomy":"post_tag","embeddable":true,"href":"https:\/\/www.falken-muenchen.de\/index.php\/wp-json\/wp\/v2\/tags?post=208"}],"curies":[{"name":"wp","href":"https:\/\/api.w.org\/{rel}","templated":true}]}}