{"id":1527,"date":"2025-09-10T17:38:52","date_gmt":"2025-09-10T16:38:52","guid":{"rendered":"https:\/\/www.falken-muenchen.de\/?p=1527"},"modified":"2025-09-10T17:48:56","modified_gmt":"2025-09-10T16:48:56","slug":"perlacher-bachfest","status":"publish","type":"post","link":"https:\/\/www.falken-muenchen.de\/index.php\/2025\/09\/10\/perlacher-bachfest\/","title":{"rendered":"Perlacher Bachfest"},"content":{"rendered":"\n<figure class=\"wp-block-image size-large is-style-default\"><a href=\"https:\/\/www.falken-muenchen.de\/wp-content\/uploads\/2025\/09\/Bachfest-Flyer-Seite-1-2048x1444-1.jpg\"><img loading=\"lazy\" decoding=\"async\" width=\"1024\" height=\"722\" src=\"https:\/\/www.falken-muenchen.de\/wp-content\/uploads\/2025\/09\/Bachfest-Flyer-Seite-1-2048x1444-1-1024x722.jpg\" alt=\"\" class=\"wp-image-1528\" srcset=\"https:\/\/www.falken-muenchen.de\/wp-content\/uploads\/2025\/09\/Bachfest-Flyer-Seite-1-2048x1444-1-1024x722.jpg 1024w, https:\/\/www.falken-muenchen.de\/wp-content\/uploads\/2025\/09\/Bachfest-Flyer-Seite-1-2048x1444-1-300x212.jpg 300w, https:\/\/www.falken-muenchen.de\/wp-content\/uploads\/2025\/09\/Bachfest-Flyer-Seite-1-2048x1444-1-768x542.jpg 768w, https:\/\/www.falken-muenchen.de\/wp-content\/uploads\/2025\/09\/Bachfest-Flyer-Seite-1-2048x1444-1-1536x1083.jpg 1536w, https:\/\/www.falken-muenchen.de\/wp-content\/uploads\/2025\/09\/Bachfest-Flyer-Seite-1-2048x1444-1-60x42.jpg 60w, https:\/\/www.falken-muenchen.de\/wp-content\/uploads\/2025\/09\/Bachfest-Flyer-Seite-1-2048x1444-1-100x71.jpg 100w, https:\/\/www.falken-muenchen.de\/wp-content\/uploads\/2025\/09\/Bachfest-Flyer-Seite-1-2048x1444-1-800x564.jpg 800w, https:\/\/www.falken-muenchen.de\/wp-content\/uploads\/2025\/09\/Bachfest-Flyer-Seite-1-2048x1444-1-1200x846.jpg 1200w, https:\/\/www.falken-muenchen.de\/wp-content\/uploads\/2025\/09\/Bachfest-Flyer-Seite-1-2048x1444-1-600x423.jpg 600w, https:\/\/www.falken-muenchen.de\/wp-content\/uploads\/2025\/09\/Bachfest-Flyer-Seite-1-2048x1444-1.jpg 2048w\" sizes=\"auto, (max-width: 1024px) 100vw, 1024px\" \/><\/a><figcaption class=\"wp-element-caption\">Bildquelle: <a href=\"https:\/\/www.demokratischesperlach.de\/event\/bachfest-sebastian-bauer-strasse\/\">https:\/\/www.demokratischesperlach.de\/event\/bachfest-sebastian-bauer-strasse\/<\/a><\/figcaption><\/figure>\n\n\n\n<h3 class=\"wp-block-heading\">Kulinarik, Musik &amp; Theater<\/h3>\n\n\n\n<p class=\"wp-block-paragraph\">Am Samstag, den 13. September, von 15-20 Uhr wird die Sebastian-Bauer-Stra\u00dfe zum Treffpunkt f\u00fcr alle Nachbar:innen &amp; Freund:innen.<\/p>\n\n\n\n<p class=\"wp-block-paragraph\">Gemeinsam k\u00f6lnnen wir selbstgemachte Spezialit\u00e4ten aus aller Welt an einer langen Tafel genie\u00dfen. Auch f\u00fcr Kulturprogramm ist gesorgt: Von <strong><a href=\"https:\/\/combo-zeisig.de\/\">Combo Zeisig<\/a><\/strong>, \u00fcber <strong><a href=\"https:\/\/www.citysoundscapes.de\/\">CitySoundScapes<\/a><\/strong>, bishin zum <strong><strong><a href=\"https:\/\/www.edelweiss-stamm-muenchen-1893.de\/\">Gebirgstrachten Erhaltungsverein Edelwei\u00df<\/a><\/strong><\/strong> und vielen mehr! Da ist f\u00fcr Jede:n etwas dabei!<\/p>\n\n\n\n<p class=\"wp-block-paragraph\">Kommt vorbei, bringt eure Freund:innen und Familie mit &#8211; lasst uns zusammen essen, reden, feiern und die Stra\u00dfe mit Leben f\u00fcllen! &#x1f308;<\/p>\n\n\n\n<p class=\"wp-block-paragraph\">F\u00fcr mehr Informationen schaut gerne beim <a href=\"https:\/\/www.demokratischesperlach.de\/event\/bachfest-sebastian-bauer-strasse\/\" data-type=\"link\" data-id=\"https:\/\/www.demokratischesperlach.de\/event\/bachfest-sebastian-bauer-strasse\/\">demokratischen Perlach<\/a> vorbei oder lest euch ihren <a href=\"https:\/\/www.demokratischesperlach.de\/wp-content\/uploads\/BachfestFly-1.pdf\">Flyer <\/a>durch. &#x1f60a;<\/p>\n\n\n\n<p class=\"wp-block-paragraph\"><\/p>\n","protected":false},"excerpt":{"rendered":"<p>Kulinarik, Musik &amp; Theater Am Samstag, den 13. September, von 15-20 Uhr wird die Sebastian-Bauer-Stra\u00dfe zum Treffpunkt f\u00fcr alle Nachbar:innen &amp; Freund:innen. Gemeinsam k\u00f6lnnen wir selbstgemachte Spezialit\u00e4ten aus aller Welt an einer langen Tafel genie\u00dfen. Auch f\u00fcr Kulturprogramm ist gesorgt: Von Combo Zeisig, \u00fcber CitySoundScapes, bishin zum Gebirgstrachten Erhaltungsverein Edelwei\u00df und vielen mehr! Da ist f\u00fcr Jede:n etwas dabei! Kommt vorbei, bringt eure Freund:innen und &hellip; <a href=\"https:\/\/www.falken-muenchen.de\/index.php\/2025\/09\/10\/perlacher-bachfest\/\" class=\"more-link\">Continue reading <span class=\"screen-reader-text\">Perlacher Bachfest<\/span> <span class=\"meta-nav\">&raquo;<\/span><\/a><\/p>\n","protected":false},"author":9,"featured_media":0,"comment_status":"closed","ping_status":"closed","sticky":false,"template":"","format":"standard","meta":{"_crdt_document":"","footnotes":""},"categories":[3,187],"tags":[191,192,104,193,194],"class_list":["post-1527","post","type-post","status-publish","format-standard","hentry","category-aktuell","category-veranstaltungen","tag-bachfest","tag-demokratisches-perlach","tag-muenchen","tag-nachbarschaft","tag-omas-gegen-rechts"],"_links":{"self":[{"href":"https:\/\/www.falken-muenchen.de\/index.php\/wp-json\/wp\/v2\/posts\/1527","targetHints":{"allow":["GET"]}}],"collection":[{"href":"https:\/\/www.falken-muenchen.de\/index.php\/wp-json\/wp\/v2\/posts"}],"about":[{"href":"https:\/\/www.falken-muenchen.de\/index.php\/wp-json\/wp\/v2\/types\/post"}],"author":[{"embeddable":true,"href":"https:\/\/www.falken-muenchen.de\/index.php\/wp-json\/wp\/v2\/users\/9"}],"replies":[{"embeddable":true,"href":"https:\/\/www.falken-muenchen.de\/index.php\/wp-json\/wp\/v2\/comments?post=1527"}],"version-history":[{"count":1,"href":"https:\/\/www.falken-muenchen.de\/index.php\/wp-json\/wp\/v2\/posts\/1527\/revisions"}],"predecessor-version":[{"id":1529,"href":"https:\/\/www.falken-muenchen.de\/index.php\/wp-json\/wp\/v2\/posts\/1527\/revisions\/1529"}],"wp:attachment":[{"href":"https:\/\/www.falken-muenchen.de\/index.php\/wp-json\/wp\/v2\/media?parent=1527"}],"wp:term":[{"taxonomy":"category","embeddable":true,"href":"https:\/\/www.falken-muenchen.de\/index.php\/wp-json\/wp\/v2\/categories?post=1527"},{"taxonomy":"post_tag","embeddable":true,"href":"https:\/\/www.falken-muenchen.de\/index.php\/wp-json\/wp\/v2\/tags?post=1527"}],"curies":[{"name":"wp","href":"https:\/\/api.w.org\/{rel}","templated":true}]}}