{"id":1339,"date":"2025-05-07T20:18:46","date_gmt":"2025-05-07T19:18:46","guid":{"rendered":"https:\/\/www.falken-muenchen.de\/?p=1339"},"modified":"2025-05-07T20:18:46","modified_gmt":"2025-05-07T19:18:46","slug":"1-mai-wir-waren-dabei","status":"publish","type":"post","link":"https:\/\/www.falken-muenchen.de\/index.php\/2025\/05\/07\/1-mai-wir-waren-dabei\/","title":{"rendered":"1. Mai &#8211; wir waren dabei!!!"},"content":{"rendered":"\n<div class=\"wp-block-group\"><div class=\"wp-block-group__inner-container is-layout-constrained wp-block-group-is-layout-constrained\">\n<p class=\"wp-block-paragraph\" style=\"font-size:17px\">Auch am <strong>1. Mai<\/strong> versammelten sich wieder Falken aus ganz M\u00fcnchen &amp; Umland am Marienplatz, um dort den Tag der Arbeit zu bestreiten. Die ersten trafen bereits p\u00fcnktlich um 9 Uhr ein, um unseren Stand &#8211; dieses Jahr direkt vor dem Fischbrunnen &#8211; gemeinsam aufzubauen. F\u00fcr einen Moment gelang es uns sogar, eine der dort stehenden Fahnenstangen zu \u00fcbernehmen und mit einer Falkenfahne zu versch\u00f6nern.  Das war definitiv eine optische Aufwertung f\u00fcr den gesamten Marienplatz!<\/p>\n<\/div><\/div>\n\n\n\n<p class=\"wp-block-paragraph\" style=\"font-size:17px\">Der Rest kam sp\u00e4ter, p\u00fcnktlich gegen 10:30, zum Sammelpunkt f\u00fcr die DGB-Demo. Mit dieser marschierten wir gemeinschaftlich von der Agentur f\u00fcr Arbeit durch ganz M\u00fcnchen, zur\u00fcck bis zum Marienplatz. Dort fand noch eine abschlie\u00dfende Kundgebung statt und die Party ging los! Auf der B\u00fchne wechselten sich Rede- &amp; Musikbeitr\u00e4ge ab. Alle Falken beaufsichtigten derweil den Stand: Dort wurde Kinderschminken, Taschen drucken und Buttons gestalten angeboten. Auch gab es einen Infostand, an dem die Besucher des Kulturfestes sich \u00fcber die Falken als Organisation informieren konnten.  <\/p>\n\n\n\n<p class=\"wp-block-paragraph\">Nat\u00fcrlich hatten wir auch Inhaltliches: Dieses Jahr konzentrierten wir uns auf Antimilitarismus. Dazu teilten wir, unter anderem, einen extra daf\u00fcr erstellten Flyer aus und hatten auch passende Spr\u00fcche vorbereitet. Der diesj\u00e4hrige Transpi-Spruch lautete z.B.: <\/p>\n\n\n\n<figure class=\"wp-block-pullquote\"><blockquote><p>Statt im Gleichschritt laufen und R\u00fcstungswahn, lieber Klassenkampf und aufs Zeltlager fahren! <br><\/p><cite>SJD &#8211; Die Falken, KV M\u00fcnchen, 2025 <\/cite><\/blockquote><\/figure>\n\n\n\n<div class=\"wp-block-buttons is-content-justification-center is-layout-flex wp-container-core-buttons-is-layout-fe48e5de wp-block-buttons-is-layout-flex\">\n<div class=\"wp-block-button is-style-outline is-style-outline--1\"><a class=\"wp-block-button__link has-text-align-center wp-element-button\" href=\"https:\/\/www.falken-muenchen.de\/wp-content\/uploads\/2025\/05\/Falken-Flyer.pdf\">Flyer zum Download <\/a><\/div>\n<\/div>\n\n\n\n<div style=\"height:100px\" aria-hidden=\"true\" class=\"wp-block-spacer\"><\/div>\n\n\n\n<p class=\"wp-block-paragraph\" style=\"font-size:17px\">Wenig sp\u00e4ter, gegen 14 Uhr, trennten sich dann die Wege der Anwesenden: Ein Teil ging los, um sich der Revolution\u00e4ren 1. Mai Demonstration am Rindermarkt anzuschlie\u00dfen, um mit dieser k\u00e4mpferisch bis zur Schwanenthalerh\u00f6he zu marschieren. Die Zur\u00fcckgebliebenen bauten derweil den Stand wieder ab und transportierten die Materialien zur\u00fcck ins Utopia.<\/p>\n\n\n\n<figure class=\"wp-block-image size-large\"><a href=\"https:\/\/www.falken-muenchen.de\/wp-content\/uploads\/2025\/05\/WhatsApp-Bild-2025-05-07-um-20.23.25_b17b3529.jpg\"><img loading=\"lazy\" decoding=\"async\" width=\"768\" height=\"1024\" src=\"https:\/\/www.falken-muenchen.de\/wp-content\/uploads\/2025\/05\/WhatsApp-Bild-2025-05-07-um-20.23.25_b17b3529-768x1024.jpg\" alt=\"\" class=\"wp-image-1343\" srcset=\"https:\/\/www.falken-muenchen.de\/wp-content\/uploads\/2025\/05\/WhatsApp-Bild-2025-05-07-um-20.23.25_b17b3529-768x1024.jpg 768w, https:\/\/www.falken-muenchen.de\/wp-content\/uploads\/2025\/05\/WhatsApp-Bild-2025-05-07-um-20.23.25_b17b3529-600x800.jpg 600w, https:\/\/www.falken-muenchen.de\/wp-content\/uploads\/2025\/05\/WhatsApp-Bild-2025-05-07-um-20.23.25_b17b3529-225x300.jpg 225w, https:\/\/www.falken-muenchen.de\/wp-content\/uploads\/2025\/05\/WhatsApp-Bild-2025-05-07-um-20.23.25_b17b3529-1152x1536.jpg 1152w, https:\/\/www.falken-muenchen.de\/wp-content\/uploads\/2025\/05\/WhatsApp-Bild-2025-05-07-um-20.23.25_b17b3529-45x60.jpg 45w, https:\/\/www.falken-muenchen.de\/wp-content\/uploads\/2025\/05\/WhatsApp-Bild-2025-05-07-um-20.23.25_b17b3529-75x100.jpg 75w, https:\/\/www.falken-muenchen.de\/wp-content\/uploads\/2025\/05\/WhatsApp-Bild-2025-05-07-um-20.23.25_b17b3529-800x1067.jpg 800w, https:\/\/www.falken-muenchen.de\/wp-content\/uploads\/2025\/05\/WhatsApp-Bild-2025-05-07-um-20.23.25_b17b3529-1200x1600.jpg 1200w, https:\/\/www.falken-muenchen.de\/wp-content\/uploads\/2025\/05\/WhatsApp-Bild-2025-05-07-um-20.23.25_b17b3529.jpg 1500w\" sizes=\"auto, (max-width: 768px) 100vw, 768px\" \/><\/a><\/figure>\n\n\n\n<p class=\"wp-block-paragraph\" style=\"font-size:17px\">Abschlie\u00dfend fanden sich wieder alle im Alten Wirt in Ramersdorf zusammen, um dort bei Speis und Trank diesen sch\u00f6nen Tag ausklingen zu lassen.<\/p>\n\n\n\n<p class=\"wp-block-paragraph\"><\/p>\n","protected":false},"excerpt":{"rendered":"<p>Auch am 1. Mai versammelten sich wieder Falken aus ganz M\u00fcnchen &amp; Umland am Marienplatz, um dort den Tag der Arbeit zu bestreiten. Die ersten trafen bereits p\u00fcnktlich um 9 Uhr ein, um unseren Stand &#8211; dieses Jahr direkt vor dem Fischbrunnen &#8211; gemeinsam aufzubauen. F\u00fcr einen Moment gelang es uns sogar, eine der dort stehenden Fahnenstangen zu \u00fcbernehmen und mit einer Falkenfahne zu versch\u00f6nern. &hellip; <a href=\"https:\/\/www.falken-muenchen.de\/index.php\/2025\/05\/07\/1-mai-wir-waren-dabei\/\" class=\"more-link\">Continue reading <span class=\"screen-reader-text\">1. Mai &#8211; wir waren dabei!!!<\/span> <span class=\"meta-nav\">&raquo;<\/span><\/a><\/p>\n","protected":false},"author":10,"featured_media":1349,"comment_status":"closed","ping_status":"closed","sticky":false,"template":"","format":"standard","meta":{"_crdt_document":"","footnotes":""},"categories":[3,1],"tags":[47,9,32,25,15],"class_list":["post-1339","post","type-post","status-publish","format-standard","has-post-thumbnail","hentry","category-aktuell","category-uncategorized","tag-1-mai","tag-demonstration","tag-kinder","tag-krieg","tag-treffen"],"_links":{"self":[{"href":"https:\/\/www.falken-muenchen.de\/index.php\/wp-json\/wp\/v2\/posts\/1339","targetHints":{"allow":["GET"]}}],"collection":[{"href":"https:\/\/www.falken-muenchen.de\/index.php\/wp-json\/wp\/v2\/posts"}],"about":[{"href":"https:\/\/www.falken-muenchen.de\/index.php\/wp-json\/wp\/v2\/types\/post"}],"author":[{"embeddable":true,"href":"https:\/\/www.falken-muenchen.de\/index.php\/wp-json\/wp\/v2\/users\/10"}],"replies":[{"embeddable":true,"href":"https:\/\/www.falken-muenchen.de\/index.php\/wp-json\/wp\/v2\/comments?post=1339"}],"version-history":[{"count":5,"href":"https:\/\/www.falken-muenchen.de\/index.php\/wp-json\/wp\/v2\/posts\/1339\/revisions"}],"predecessor-version":[{"id":1355,"href":"https:\/\/www.falken-muenchen.de\/index.php\/wp-json\/wp\/v2\/posts\/1339\/revisions\/1355"}],"wp:featuredmedia":[{"embeddable":true,"href":"https:\/\/www.falken-muenchen.de\/index.php\/wp-json\/wp\/v2\/media\/1349"}],"wp:attachment":[{"href":"https:\/\/www.falken-muenchen.de\/index.php\/wp-json\/wp\/v2\/media?parent=1339"}],"wp:term":[{"taxonomy":"category","embeddable":true,"href":"https:\/\/www.falken-muenchen.de\/index.php\/wp-json\/wp\/v2\/categories?post=1339"},{"taxonomy":"post_tag","embeddable":true,"href":"https:\/\/www.falken-muenchen.de\/index.php\/wp-json\/wp\/v2\/tags?post=1339"}],"curies":[{"name":"wp","href":"https:\/\/api.w.org\/{rel}","templated":true}]}}