{"id":1229,"date":"2024-09-26T20:07:09","date_gmt":"2024-09-26T19:07:09","guid":{"rendered":"https:\/\/www.falken-muenchen.de\/?p=1229"},"modified":"2024-09-26T20:23:41","modified_gmt":"2024-09-26T19:23:41","slug":"nicht-kriegstuechtig","status":"publish","type":"post","link":"https:\/\/www.falken-muenchen.de\/index.php\/2024\/09\/26\/nicht-kriegstuechtig\/","title":{"rendered":"Nicht kriegst\u00fcchtig"},"content":{"rendered":"<div class=\"wp-block-image wp-duotone-unset-1\">\n<figure class=\"aligncenter is-resized\"><img loading=\"lazy\" decoding=\"async\" width=\"581\" height=\"632\" src=\"https:\/\/www.falken-muenchen.de\/wp-content\/uploads\/2024\/09\/Nicht_kriegstuechtig-Demo-e1727378424795.jpg\" alt=\"\" class=\"wp-image-1228\" style=\"width:433px;height:auto\" srcset=\"https:\/\/www.falken-muenchen.de\/wp-content\/uploads\/2024\/09\/Nicht_kriegstuechtig-Demo-e1727378424795.jpg 581w, https:\/\/www.falken-muenchen.de\/wp-content\/uploads\/2024\/09\/Nicht_kriegstuechtig-Demo-e1727378424795-276x300.jpg 276w, https:\/\/www.falken-muenchen.de\/wp-content\/uploads\/2024\/09\/Nicht_kriegstuechtig-Demo-e1727378424795-55x60.jpg 55w, https:\/\/www.falken-muenchen.de\/wp-content\/uploads\/2024\/09\/Nicht_kriegstuechtig-Demo-e1727378424795-92x100.jpg 92w\" sizes=\"auto, (max-width: 581px) 100vw, 581px\" \/><\/figure>\n<\/div>\n\n\n<p class=\"wp-block-paragraph\"><a href=\"https:\/\/muenchen.verdi.de\/++co++91fc000e-1daa-11ef-85cb-90b11c4f1b2d\">ver.di M\u00fcnchen  ruft\u00a0auf<\/a> zu einer\u00a0Demonstration gegen Sozialabbau, Hochr\u00fcstung und Rechts &#8211;<\/p>\n\n\n\n<p class=\"wp-block-paragraph\">Am <strong>SAMSTAG, 12. Oktober 2024,&nbsp;14:00 Uhr, Odeonsplatz M\u00fcnchen<\/strong><\/p>\n\n\n\n<div class=\"wp-block-buttons is-content-justification-center is-layout-flex wp-container-core-buttons-is-layout-fe48e5de wp-block-buttons-is-layout-flex\">\n<div class=\"wp-block-button is-style-fill\"><a class=\"wp-block-button__link has-white-color has-text-color has-background has-link-color wp-element-button\" href=\"https:\/\/muenchen.verdi.de\/++co++91fc000e-1daa-11ef-85cb-90b11c4f1b2d\" style=\"background-color:#ed1651\">Mehr Info bei ver.di<\/a><\/div>\n\n\n\n<div class=\"wp-block-button is-style-fill\"><a class=\"wp-block-button__link has-white-color has-text-color has-background has-link-color wp-element-button\" href=\"https:\/\/muenchen.verdi.de\/++file++66980fb047ec2cab5b5a5f1e\/download\/Flugblatt%20Soziales%20rauf%20Ru%CC%88stung%20runter%2020240529-2.pdf\" style=\"background-color:#ed1651\">Flugblatt (PDF)<\/a><\/div>\n<\/div>\n\n\n\n<!--more-->\n\n\n\n<p class=\"wp-block-paragraph\">Aus dem Flugblatt:<\/p>\n\n\n\n<blockquote class=\"wp-block-quote is-layout-flow wp-block-quote-is-layout-flow\">\n<p class=\"wp-block-paragraph\">Wir sollen wieder \u201ekriegst\u00fcchtig\u201c werden, wie nicht nur Verteidigungsminister Pistorius (SPD)<br>propagiert. Und daf\u00fcr sollen wir den G\u00fcrtel enger schnallen. <\/p>\n\n\n\n<p class=\"wp-block-paragraph\">Dabei wird es nicht bleiben, und das Geld f\u00fcr die j\u00e4hrliche Aufr\u00fcstung wird k\u00fcnftig im sozialen Bereich fehlen: f\u00fcr Klimaschutz, Gesundheit, Bildung, Kultur, Integration, Gleichstellung, f\u00fcr den Wohnungsbau und das Verkehrswesen etc. Diese unsoziale, neoliberale Politik ist der N\u00e4hrboden f\u00fcr den Aufstieg der AfD und dass die Gesellschaft immer mehr ins Rechtsextreme kippt. Die versch\u00e4rfte Asyl-Politik der Ampel-Regierung, getrieben von CDU\/CSU und AfD, sorgt zus\u00e4tzlich f\u00fcr gesellschaftliche Spaltung, f\u00fcr Hass und Hetze gegen Gefl\u00fcchtete, Asylsuchende und Migrant*innen. Sie macht aus Opfern die S\u00fcndenb\u00f6cke f\u00fcr diese Politik.<\/p>\n<\/blockquote>\n\n\n\n<p class=\"wp-block-paragraph\"><strong>Kommt mit uns zur Demo!<\/strong><\/p>\n","protected":false},"excerpt":{"rendered":"<p>ver.di M\u00fcnchen ruft\u00a0auf zu einer\u00a0Demonstration gegen Sozialabbau, Hochr\u00fcstung und Rechts &#8211; Am SAMSTAG, 12. Oktober 2024,&nbsp;14:00 Uhr, Odeonsplatz M\u00fcnchen<\/p>\n","protected":false},"author":1,"featured_media":0,"comment_status":"closed","ping_status":"closed","sticky":false,"template":"","format":"standard","meta":{"_crdt_document":"","footnotes":""},"categories":[3,1],"tags":[80,9,25,93],"class_list":["post-1229","post","type-post","status-publish","format-standard","hentry","category-aktuell","category-uncategorized","tag-antimilitarismus","tag-demonstration","tag-krieg","tag-soziales"],"_links":{"self":[{"href":"https:\/\/www.falken-muenchen.de\/index.php\/wp-json\/wp\/v2\/posts\/1229","targetHints":{"allow":["GET"]}}],"collection":[{"href":"https:\/\/www.falken-muenchen.de\/index.php\/wp-json\/wp\/v2\/posts"}],"about":[{"href":"https:\/\/www.falken-muenchen.de\/index.php\/wp-json\/wp\/v2\/types\/post"}],"author":[{"embeddable":true,"href":"https:\/\/www.falken-muenchen.de\/index.php\/wp-json\/wp\/v2\/users\/1"}],"replies":[{"embeddable":true,"href":"https:\/\/www.falken-muenchen.de\/index.php\/wp-json\/wp\/v2\/comments?post=1229"}],"version-history":[{"count":7,"href":"https:\/\/www.falken-muenchen.de\/index.php\/wp-json\/wp\/v2\/posts\/1229\/revisions"}],"predecessor-version":[{"id":1238,"href":"https:\/\/www.falken-muenchen.de\/index.php\/wp-json\/wp\/v2\/posts\/1229\/revisions\/1238"}],"wp:attachment":[{"href":"https:\/\/www.falken-muenchen.de\/index.php\/wp-json\/wp\/v2\/media?parent=1229"}],"wp:term":[{"taxonomy":"category","embeddable":true,"href":"https:\/\/www.falken-muenchen.de\/index.php\/wp-json\/wp\/v2\/categories?post=1229"},{"taxonomy":"post_tag","embeddable":true,"href":"https:\/\/www.falken-muenchen.de\/index.php\/wp-json\/wp\/v2\/tags?post=1229"}],"curies":[{"name":"wp","href":"https:\/\/api.w.org\/{rel}","templated":true}]}}